{"id":8783,"date":"2018-05-03T13:51:07","date_gmt":"2018-05-03T11:51:07","guid":{"rendered":"http:\/\/www.immamestre.com\/?p=8783"},"modified":"2018-05-04T00:30:37","modified_gmt":"2018-05-03T22:30:37","slug":"ilustrar-con-ecoline-de-royal-talens","status":"publish","type":"post","link":"https:\/\/old.immamestre.com\/es\/ilustrar-con-ecoline-de-royal-talens\/","title":{"rendered":"Ilustrar con Ecoline de Royal Talens los p\u00e1jaros de mi packaging"},"content":{"rendered":"<p>[et_pb_section bb_built=\u00bb1&#8243;][et_pb_row][et_pb_column type=\u00bb4_4&#8243;][et_pb_image _builder_version=\u00bb3.2&#8243; src=\u00bbhttp:\/\/www.immamestre.com\/wp-content\/uploads\/2018\/05\/20180503_Ilustrando-con-ecoline_Entrada_ImmaMestre.jpg\u00bb \/][et_pb_text _builder_version=\u00bb3.2.1&#8243;]<\/p>\n<p>F\u00edjate si pasa r\u00e1pido el tiempo que, desde que los Reyes Magos me regalaron este a\u00f1o unos rotuladores Ecoline\u00ae de <a href=\"https:\/\/www.royaltalens.com\/es-es\/\" target=\"_blank\" rel=\"noopener\">Royal Talens<\/a>, ten\u00eda pendiente de hacer alguna ilustraci\u00f3n para probarlos.<\/p>\n<p>Finalmente el d\u00eda ha llegado y lo he grabado en v\u00eddeo. S\u00e9 que te relaja verme dibujar. Me lo dec\u00eds cada vez que subo alg\u00fan v\u00eddeo a <a href=\"http:\/\/www.instagram.com\/imma_mestre\" target=\"_blank\" rel=\"noopener\">Instagram<\/a> o a <a href=\"http:\/\/www.facebook.com\/ImmaMestre\" target=\"_blank\" rel=\"noopener\">Facebook<\/a>. Tambi\u00e9n que te gusta ver c\u00f3mo va evolucionando la hoja en blanco a medida que se va ilustrando encima. As\u00ed que me decid\u00ed a subir el video del <em>Making of<\/em>.<\/p>\n<p>\u00a1Mi primer v\u00eddeo! Perd\u00f3name el aire amateur que tiene, poco a poco ir\u00e9 mejorando.<\/p>\n<h1>\u00bfC\u00f3mo es ilustrar con Ecoline?<\/h1>\n<p>Pintar con estos rotuladores es una gozada:<\/p>\n<ul>\n<li>Act\u00faan como si fueran acuarelas l\u00edquidas<\/li>\n<li>Se pueden mezclar entre ellos<\/li>\n<li>Es muy f\u00e1cil conseguir vol\u00famenes y degradados.<\/li>\n<li>Adem\u00e1s, sus colores vibrantes hacen que la ilustraci\u00f3n quede muy resultona.<\/li>\n<li>Funcionan muy bien en papeles especiales para acuarelas, no muy granulados y gruesos<\/li>\n<\/ul>\n<h1>Materiales<\/h1>\n<ul>\n<li>Papel para acuarela Canson Montval de 300gr<\/li>\n<li>Rotuladores Ecoline\u00ae Brush Pen de Royal Talens<\/li>\n<li>Rotulador acr\u00edlico de punta fina Posca de color blanco<\/li>\n<li>Pincel Pentel con contenedor para agua<\/li>\n<\/ul>\n<p>Si alguna vez has comprado en <a href=\"http:\/\/www.immamestre.com\/shop\/\">mi tienda<\/a>, sabr\u00e1s que a menudo suelo dibujar estos p\u00e1jaros en el packaging de las l\u00e1minas. La verdad es que me gusta dibujar en anal\u00f3gico de vez en cuando. Tambi\u00e9n sorprenderte con un peque\u00f1o detalle ilustrado en el packaging, cuando recibas el pedido que me hayas hecho.<\/p>\n<p>As\u00ed que, como estos dos p\u00e1jaros ya forman parte de la fam\u00edlia, no se me ocurri\u00f3 un motivo mejor para ilustrar con Ecoline.<\/p>\n<p>Aqu\u00ed tienes el proceso creativo de mi ilustraci\u00f3n con estos rotuladores Ecoline de acuarela l\u00edquida.<\/p>\n<p>[\/et_pb_text][et_pb_video admin_label=\u00bbV\u00eddeo ilustrar con Ecoline\u00bb _builder_version=\u00bb3.2.1&#8243; src=\u00bbhttps:\/\/youtu.be\/Ovvw0TvRkkY\u00bb image_src=\u00bbhttp:\/\/www.immamestre.com\/wp-content\/uploads\/2018\/05\/20180503_Ilustrando-con-ecoline_Caratula_video_ImmaMestre.jpg\u00bb play_icon_color=\u00bb#ffa300&#8243; border_radii=\u00bbon|0px|0px|0px|0px\u00bb border_width_all=\u00bb3px\u00bb border_color_all=\u00bb#ffa300&#8243; \/][et_pb_text _builder_version=\u00bb3.2.1&#8243;]<\/p>\n<p>\u00bfTe ha gustado? \u00bfTe gustar\u00eda ver m\u00e1s v\u00eddeos c\u00f3mo \u00e9ste? Intentar\u00e9 ir subiendo\u00a0 de vez en cuando en mi canal de youtube. Tanto en anal\u00f3gico como en digital. \u00bfQu\u00e9 te ha parecido mi primera incursi\u00f3n al mundo del youtube? \u00a1Mam\u00e1, que soy youtuber!<\/p>\n<p>Un abrazo,<\/p>\n<p><img loading=\"lazy\" decoding=\"async\" class=\" wp-image-5217 alignleft\" src=\"http:\/\/www.immamestre.com\/wp-content\/uploads\/2016\/06\/Signatura-posts-ImmaMestre2016.jpg\" alt=\"Signatura-posts-ImmaMestre2016\" width=\"90\" height=\"37\" srcset=\"https:\/\/old.immamestre.com\/wp-content\/uploads\/2016\/06\/Signatura-posts-ImmaMestre2016.jpg 170w, https:\/\/old.immamestre.com\/wp-content\/uploads\/2016\/06\/Signatura-posts-ImmaMestre2016-150x62.jpg 150w\" sizes=\"(max-width: 90px) 100vw, 90px\" \/><\/p>\n<p>[\/et_pb_text][\/et_pb_column][\/et_pb_row][\/et_pb_section]<\/p>\n","protected":false},"excerpt":{"rendered":"<p>F\u00edjate si pasa r\u00e1pido el tiempo que, desde que los Reyes Magos me regalaron este a\u00f1o unos rotuladores Ecoline\u00ae de Royal Talens, ten\u00eda pendiente de hacer alguna ilustraci\u00f3n para probarlos. Finalmente el d\u00eda ha llegado y lo he grabado en v\u00eddeo. S\u00e9 que te relaja verme dibujar o ver c\u00f3mo va evolucionando la hoja en blanco a medida que se va ilustrando, as\u00ed que rel\u00e1jate y dale al play.<\/p>\n","protected":false},"author":1,"featured_media":8784,"comment_status":"open","ping_status":"open","sticky":false,"template":"","format":"gallery","meta":{"_et_pb_use_builder":"on","_et_pb_old_content":"","_et_gb_content_width":"","_monsterinsights_skip_tracking":false,"_monsterinsights_sitenote_active":false,"_monsterinsights_sitenote_note":"","_monsterinsights_sitenote_category":0,"footnotes":""},"categories":[362,561],"tags":[],"class_list":["post-8783","post","type-post","status-publish","format-gallery","has-post-thumbnail","hentry","category-entre-bambalinas","category-proceso-creativo","post_format-post-format-gallery"],"yoast_head":"<!-- This site is optimized with the Yoast SEO plugin v26.1.1 - https:\/\/yoast.com\/wordpress\/plugins\/seo\/ -->\n<title>Ilustrar con Ecoline de Royal Talens los p\u00e1jaros de mi packaging<\/title>\n<meta name=\"description\" content=\"Proceso creativo sobre c\u00f3mo ilustrar con Ecoline los p\u00e1jaros que dibujo en el packaging de mis l\u00e1minas ilustradas personalizadas. Finalmente el d\u00eda ha llegado y lo he grabado en v\u00eddeo. Me dices que te gusta verme dibujar, pues rel\u00e1jate y dale al play.\" \/>\n<meta name=\"robots\" content=\"index, follow, max-snippet:-1, max-image-preview:large, max-video-preview:-1\" \/>\n<link rel=\"canonical\" href=\"https:\/\/old.immamestre.com\/es\/ilustrar-con-ecoline-de-royal-talens\/\" \/>\n<meta property=\"og:locale\" content=\"es_ES\" \/>\n<meta property=\"og:type\" content=\"article\" \/>\n<meta property=\"og:title\" content=\"Ilustrar con Ecoline de Royal Talens los p\u00e1jaros de mi packaging\" \/>\n<meta property=\"og:description\" content=\"Proceso creativo sobre c\u00f3mo ilustrar con Ecoline los p\u00e1jaros que dibujo en el packaging de mis l\u00e1minas ilustradas personalizadas. Finalmente el d\u00eda ha llegado y lo he grabado en v\u00eddeo. Me dices que te gusta verme dibujar, pues rel\u00e1jate y dale al play.\" \/>\n<meta property=\"og:url\" content=\"https:\/\/old.immamestre.com\/es\/ilustrar-con-ecoline-de-royal-talens\/\" \/>\n<meta property=\"og:site_name\" content=\"Imma Mestre | Ilustraci\u00f3n\" \/>\n<meta property=\"article:published_time\" content=\"2018-05-03T11:51:07+00:00\" \/>\n<meta property=\"article:modified_time\" content=\"2018-05-03T22:30:37+00:00\" \/>\n<meta property=\"og:image\" content=\"https:\/\/old.immamestre.com\/wp-content\/uploads\/2018\/05\/20180503_Ilustrando-con-ecoline_Portadeta_ImmaMestre.jpg\" \/>\n\t<meta property=\"og:image:width\" content=\"405\" \/>\n\t<meta property=\"og:image:height\" content=\"250\" \/>\n\t<meta property=\"og:image:type\" content=\"image\/jpeg\" \/>\n<meta name=\"author\" content=\"Imma Mestre\" \/>\n<meta name=\"twitter:label1\" content=\"Escrito por\" \/>\n\t<meta name=\"twitter:data1\" content=\"Imma Mestre\" \/>\n\t<meta name=\"twitter:label2\" content=\"Tiempo de lectura\" \/>\n\t<meta name=\"twitter:data2\" content=\"3 minutos\" \/>\n<script type=\"application\/ld+json\" class=\"yoast-schema-graph\">{\"@context\":\"https:\/\/schema.org\",\"@graph\":[{\"@type\":\"Article\",\"@id\":\"https:\/\/old.immamestre.com\/es\/ilustrar-con-ecoline-de-royal-talens\/#article\",\"isPartOf\":{\"@id\":\"https:\/\/old.immamestre.com\/es\/ilustrar-con-ecoline-de-royal-talens\/\"},\"author\":{\"name\":\"Imma Mestre\",\"@id\":\"https:\/\/old.immamestre.com\/#\/schema\/person\/f649c9039586af566b698906bc9da076\"},\"headline\":\"Ilustrar con Ecoline de Royal Talens los p\u00e1jaros de mi packaging\",\"datePublished\":\"2018-05-03T11:51:07+00:00\",\"dateModified\":\"2018-05-03T22:30:37+00:00\",\"mainEntityOfPage\":{\"@id\":\"https:\/\/old.immamestre.com\/es\/ilustrar-con-ecoline-de-royal-talens\/\"},\"wordCount\":478,\"commentCount\":6,\"publisher\":{\"@id\":\"https:\/\/old.immamestre.com\/#\/schema\/person\/f649c9039586af566b698906bc9da076\"},\"image\":{\"@id\":\"https:\/\/old.immamestre.com\/es\/ilustrar-con-ecoline-de-royal-talens\/#primaryimage\"},\"thumbnailUrl\":\"https:\/\/old.immamestre.com\/wp-content\/uploads\/2018\/05\/20180503_Ilustrando-con-ecoline_Portadeta_ImmaMestre.jpg\",\"articleSection\":[\"Entre bambalinas\",\"proceso creativo\"],\"inLanguage\":\"es\",\"potentialAction\":[{\"@type\":\"CommentAction\",\"name\":\"Comment\",\"target\":[\"https:\/\/old.immamestre.com\/es\/ilustrar-con-ecoline-de-royal-talens\/#respond\"]}]},{\"@type\":\"WebPage\",\"@id\":\"https:\/\/old.immamestre.com\/es\/ilustrar-con-ecoline-de-royal-talens\/\",\"url\":\"https:\/\/old.immamestre.com\/es\/ilustrar-con-ecoline-de-royal-talens\/\",\"name\":\"Ilustrar con Ecoline de Royal Talens los p\u00e1jaros de mi packaging\",\"isPartOf\":{\"@id\":\"https:\/\/old.immamestre.com\/#website\"},\"primaryImageOfPage\":{\"@id\":\"https:\/\/old.immamestre.com\/es\/ilustrar-con-ecoline-de-royal-talens\/#primaryimage\"},\"image\":{\"@id\":\"https:\/\/old.immamestre.com\/es\/ilustrar-con-ecoline-de-royal-talens\/#primaryimage\"},\"thumbnailUrl\":\"https:\/\/old.immamestre.com\/wp-content\/uploads\/2018\/05\/20180503_Ilustrando-con-ecoline_Portadeta_ImmaMestre.jpg\",\"datePublished\":\"2018-05-03T11:51:07+00:00\",\"dateModified\":\"2018-05-03T22:30:37+00:00\",\"description\":\"Proceso creativo sobre c\u00f3mo ilustrar con Ecoline los p\u00e1jaros que dibujo en el packaging de mis l\u00e1minas ilustradas personalizadas. Finalmente el d\u00eda ha llegado y lo he grabado en v\u00eddeo. Me dices que te gusta verme dibujar, pues rel\u00e1jate y dale al play.\",\"breadcrumb\":{\"@id\":\"https:\/\/old.immamestre.com\/es\/ilustrar-con-ecoline-de-royal-talens\/#breadcrumb\"},\"inLanguage\":\"es\",\"potentialAction\":[{\"@type\":\"ReadAction\",\"target\":[\"https:\/\/old.immamestre.com\/es\/ilustrar-con-ecoline-de-royal-talens\/\"]}]},{\"@type\":\"ImageObject\",\"inLanguage\":\"es\",\"@id\":\"https:\/\/old.immamestre.com\/es\/ilustrar-con-ecoline-de-royal-talens\/#primaryimage\",\"url\":\"https:\/\/old.immamestre.com\/wp-content\/uploads\/2018\/05\/20180503_Ilustrando-con-ecoline_Portadeta_ImmaMestre.jpg\",\"contentUrl\":\"https:\/\/old.immamestre.com\/wp-content\/uploads\/2018\/05\/20180503_Ilustrando-con-ecoline_Portadeta_ImmaMestre.jpg\",\"width\":405,\"height\":250},{\"@type\":\"BreadcrumbList\",\"@id\":\"https:\/\/old.immamestre.com\/es\/ilustrar-con-ecoline-de-royal-talens\/#breadcrumb\",\"itemListElement\":[{\"@type\":\"ListItem\",\"position\":1,\"name\":\"Home\",\"item\":\"https:\/\/old.immamestre.com\/\"},{\"@type\":\"ListItem\",\"position\":2,\"name\":\"Ilustrar con Ecoline de Royal Talens los p\u00e1jaros de mi packaging\"}]},{\"@type\":\"WebSite\",\"@id\":\"https:\/\/old.immamestre.com\/#website\",\"url\":\"https:\/\/old.immamestre.com\/\",\"name\":\"Imma Mestre | Ilustraci\u00f3n\",\"description\":\"ilustraci\u00f3n\",\"publisher\":{\"@id\":\"https:\/\/old.immamestre.com\/#\/schema\/person\/f649c9039586af566b698906bc9da076\"},\"potentialAction\":[{\"@type\":\"SearchAction\",\"target\":{\"@type\":\"EntryPoint\",\"urlTemplate\":\"https:\/\/old.immamestre.com\/?s={search_term_string}\"},\"query-input\":{\"@type\":\"PropertyValueSpecification\",\"valueRequired\":true,\"valueName\":\"search_term_string\"}}],\"inLanguage\":\"es\"},{\"@type\":[\"Person\",\"Organization\"],\"@id\":\"https:\/\/old.immamestre.com\/#\/schema\/person\/f649c9039586af566b698906bc9da076\",\"name\":\"Imma Mestre\",\"image\":{\"@type\":\"ImageObject\",\"inLanguage\":\"es\",\"@id\":\"https:\/\/old.immamestre.com\/#\/schema\/person\/image\/\",\"url\":\"https:\/\/secure.gravatar.com\/avatar\/fe9530742331fb8e4cb4de875d82303426947d472e41eb783b6dc62694aa6aff?s=96&d=mm&r=g\",\"contentUrl\":\"https:\/\/secure.gravatar.com\/avatar\/fe9530742331fb8e4cb4de875d82303426947d472e41eb783b6dc62694aa6aff?s=96&d=mm&r=g\",\"caption\":\"Imma Mestre\"},\"logo\":{\"@id\":\"https:\/\/old.immamestre.com\/#\/schema\/person\/image\/\"},\"description\":\"Hola soy Imma. Ilustradora. Hablo a trav\u00e9s de ilustraciones. Dame un l\u00e1piz y pinto tu mundo con historias ilustradas que te har\u00e1n despuntar.\",\"sameAs\":[\"https:\/\/www.immamestre.com\"],\"url\":\"https:\/\/old.immamestre.com\/es\/author\/alpha\/\"}]}<\/script>\n<!-- \/ Yoast SEO plugin. -->","yoast_head_json":{"title":"Ilustrar con Ecoline de Royal Talens los p\u00e1jaros de mi packaging","description":"Proceso creativo sobre c\u00f3mo ilustrar con Ecoline los p\u00e1jaros que dibujo en el packaging de mis l\u00e1minas ilustradas personalizadas. Finalmente el d\u00eda ha llegado y lo he grabado en v\u00eddeo. Me dices que te gusta verme dibujar, pues rel\u00e1jate y dale al play.","robots":{"index":"index","follow":"follow","max-snippet":"max-snippet:-1","max-image-preview":"max-image-preview:large","max-video-preview":"max-video-preview:-1"},"canonical":"https:\/\/old.immamestre.com\/es\/ilustrar-con-ecoline-de-royal-talens\/","og_locale":"es_ES","og_type":"article","og_title":"Ilustrar con Ecoline de Royal Talens los p\u00e1jaros de mi packaging","og_description":"Proceso creativo sobre c\u00f3mo ilustrar con Ecoline los p\u00e1jaros que dibujo en el packaging de mis l\u00e1minas ilustradas personalizadas. Finalmente el d\u00eda ha llegado y lo he grabado en v\u00eddeo. Me dices que te gusta verme dibujar, pues rel\u00e1jate y dale al play.","og_url":"https:\/\/old.immamestre.com\/es\/ilustrar-con-ecoline-de-royal-talens\/","og_site_name":"Imma Mestre | Ilustraci\u00f3n","article_published_time":"2018-05-03T11:51:07+00:00","article_modified_time":"2018-05-03T22:30:37+00:00","og_image":[{"width":405,"height":250,"url":"https:\/\/old.immamestre.com\/wp-content\/uploads\/2018\/05\/20180503_Ilustrando-con-ecoline_Portadeta_ImmaMestre.jpg","type":"image\/jpeg"}],"author":"Imma Mestre","twitter_misc":{"Escrito por":"Imma Mestre","Tiempo de lectura":"3 minutos"},"schema":{"@context":"https:\/\/schema.org","@graph":[{"@type":"Article","@id":"https:\/\/old.immamestre.com\/es\/ilustrar-con-ecoline-de-royal-talens\/#article","isPartOf":{"@id":"https:\/\/old.immamestre.com\/es\/ilustrar-con-ecoline-de-royal-talens\/"},"author":{"name":"Imma Mestre","@id":"https:\/\/old.immamestre.com\/#\/schema\/person\/f649c9039586af566b698906bc9da076"},"headline":"Ilustrar con Ecoline de Royal Talens los p\u00e1jaros de mi packaging","datePublished":"2018-05-03T11:51:07+00:00","dateModified":"2018-05-03T22:30:37+00:00","mainEntityOfPage":{"@id":"https:\/\/old.immamestre.com\/es\/ilustrar-con-ecoline-de-royal-talens\/"},"wordCount":478,"commentCount":6,"publisher":{"@id":"https:\/\/old.immamestre.com\/#\/schema\/person\/f649c9039586af566b698906bc9da076"},"image":{"@id":"https:\/\/old.immamestre.com\/es\/ilustrar-con-ecoline-de-royal-talens\/#primaryimage"},"thumbnailUrl":"https:\/\/old.immamestre.com\/wp-content\/uploads\/2018\/05\/20180503_Ilustrando-con-ecoline_Portadeta_ImmaMestre.jpg","articleSection":["Entre bambalinas","proceso creativo"],"inLanguage":"es","potentialAction":[{"@type":"CommentAction","name":"Comment","target":["https:\/\/old.immamestre.com\/es\/ilustrar-con-ecoline-de-royal-talens\/#respond"]}]},{"@type":"WebPage","@id":"https:\/\/old.immamestre.com\/es\/ilustrar-con-ecoline-de-royal-talens\/","url":"https:\/\/old.immamestre.com\/es\/ilustrar-con-ecoline-de-royal-talens\/","name":"Ilustrar con Ecoline de Royal Talens los p\u00e1jaros de mi packaging","isPartOf":{"@id":"https:\/\/old.immamestre.com\/#website"},"primaryImageOfPage":{"@id":"https:\/\/old.immamestre.com\/es\/ilustrar-con-ecoline-de-royal-talens\/#primaryimage"},"image":{"@id":"https:\/\/old.immamestre.com\/es\/ilustrar-con-ecoline-de-royal-talens\/#primaryimage"},"thumbnailUrl":"https:\/\/old.immamestre.com\/wp-content\/uploads\/2018\/05\/20180503_Ilustrando-con-ecoline_Portadeta_ImmaMestre.jpg","datePublished":"2018-05-03T11:51:07+00:00","dateModified":"2018-05-03T22:30:37+00:00","description":"Proceso creativo sobre c\u00f3mo ilustrar con Ecoline los p\u00e1jaros que dibujo en el packaging de mis l\u00e1minas ilustradas personalizadas. Finalmente el d\u00eda ha llegado y lo he grabado en v\u00eddeo. Me dices que te gusta verme dibujar, pues rel\u00e1jate y dale al play.","breadcrumb":{"@id":"https:\/\/old.immamestre.com\/es\/ilustrar-con-ecoline-de-royal-talens\/#breadcrumb"},"inLanguage":"es","potentialAction":[{"@type":"ReadAction","target":["https:\/\/old.immamestre.com\/es\/ilustrar-con-ecoline-de-royal-talens\/"]}]},{"@type":"ImageObject","inLanguage":"es","@id":"https:\/\/old.immamestre.com\/es\/ilustrar-con-ecoline-de-royal-talens\/#primaryimage","url":"https:\/\/old.immamestre.com\/wp-content\/uploads\/2018\/05\/20180503_Ilustrando-con-ecoline_Portadeta_ImmaMestre.jpg","contentUrl":"https:\/\/old.immamestre.com\/wp-content\/uploads\/2018\/05\/20180503_Ilustrando-con-ecoline_Portadeta_ImmaMestre.jpg","width":405,"height":250},{"@type":"BreadcrumbList","@id":"https:\/\/old.immamestre.com\/es\/ilustrar-con-ecoline-de-royal-talens\/#breadcrumb","itemListElement":[{"@type":"ListItem","position":1,"name":"Home","item":"https:\/\/old.immamestre.com\/"},{"@type":"ListItem","position":2,"name":"Ilustrar con Ecoline de Royal Talens los p\u00e1jaros de mi packaging"}]},{"@type":"WebSite","@id":"https:\/\/old.immamestre.com\/#website","url":"https:\/\/old.immamestre.com\/","name":"Imma Mestre | Ilustraci\u00f3n","description":"ilustraci\u00f3n","publisher":{"@id":"https:\/\/old.immamestre.com\/#\/schema\/person\/f649c9039586af566b698906bc9da076"},"potentialAction":[{"@type":"SearchAction","target":{"@type":"EntryPoint","urlTemplate":"https:\/\/old.immamestre.com\/?s={search_term_string}"},"query-input":{"@type":"PropertyValueSpecification","valueRequired":true,"valueName":"search_term_string"}}],"inLanguage":"es"},{"@type":["Person","Organization"],"@id":"https:\/\/old.immamestre.com\/#\/schema\/person\/f649c9039586af566b698906bc9da076","name":"Imma Mestre","image":{"@type":"ImageObject","inLanguage":"es","@id":"https:\/\/old.immamestre.com\/#\/schema\/person\/image\/","url":"https:\/\/secure.gravatar.com\/avatar\/fe9530742331fb8e4cb4de875d82303426947d472e41eb783b6dc62694aa6aff?s=96&d=mm&r=g","contentUrl":"https:\/\/secure.gravatar.com\/avatar\/fe9530742331fb8e4cb4de875d82303426947d472e41eb783b6dc62694aa6aff?s=96&d=mm&r=g","caption":"Imma Mestre"},"logo":{"@id":"https:\/\/old.immamestre.com\/#\/schema\/person\/image\/"},"description":"Hola soy Imma. Ilustradora. Hablo a trav\u00e9s de ilustraciones. Dame un l\u00e1piz y pinto tu mundo con historias ilustradas que te har\u00e1n despuntar.","sameAs":["https:\/\/www.immamestre.com"],"url":"https:\/\/old.immamestre.com\/es\/author\/alpha\/"}]}},"_links":{"self":[{"href":"https:\/\/old.immamestre.com\/es\/wp-json\/wp\/v2\/posts\/8783","targetHints":{"allow":["GET"]}}],"collection":[{"href":"https:\/\/old.immamestre.com\/es\/wp-json\/wp\/v2\/posts"}],"about":[{"href":"https:\/\/old.immamestre.com\/es\/wp-json\/wp\/v2\/types\/post"}],"author":[{"embeddable":true,"href":"https:\/\/old.immamestre.com\/es\/wp-json\/wp\/v2\/users\/1"}],"replies":[{"embeddable":true,"href":"https:\/\/old.immamestre.com\/es\/wp-json\/wp\/v2\/comments?post=8783"}],"version-history":[{"count":20,"href":"https:\/\/old.immamestre.com\/es\/wp-json\/wp\/v2\/posts\/8783\/revisions"}],"predecessor-version":[{"id":8807,"href":"https:\/\/old.immamestre.com\/es\/wp-json\/wp\/v2\/posts\/8783\/revisions\/8807"}],"wp:featuredmedia":[{"embeddable":true,"href":"https:\/\/old.immamestre.com\/es\/wp-json\/wp\/v2\/media\/8784"}],"wp:attachment":[{"href":"https:\/\/old.immamestre.com\/es\/wp-json\/wp\/v2\/media?parent=8783"}],"wp:term":[{"taxonomy":"category","embeddable":true,"href":"https:\/\/old.immamestre.com\/es\/wp-json\/wp\/v2\/categories?post=8783"},{"taxonomy":"post_tag","embeddable":true,"href":"https:\/\/old.immamestre.com\/es\/wp-json\/wp\/v2\/tags?post=8783"}],"curies":[{"name":"wp","href":"https:\/\/api.w.org\/{rel}","templated":true}]}}