{"id":6604,"date":"2016-11-10T02:23:15","date_gmt":"2016-11-10T01:23:15","guid":{"rendered":"http:\/\/www.immamestre.com\/?p=6604"},"modified":"2016-11-10T02:21:30","modified_gmt":"2016-11-10T01:21:30","slug":"crema-de-calabacin","status":"publish","type":"post","link":"https:\/\/old.immamestre.com\/es\/crema-de-calabacin\/","title":{"rendered":"Crema de calabac\u00edn: receta ilustrada"},"content":{"rendered":"<p><span id=\"result_box\" class=\"\" lang=\"es\"><span title=\"Aquesta setmana ha arribat el fred, eh?\">Esta semana ha llegado el fr\u00edo, \u00a1\u00bfeh?! <\/span><span title=\"No s\u00e9 si es quedar\u00e0 tota la tardor i tamb\u00e9 l'hivern o, per al contrari, ser\u00e0 fugisser, per\u00f2 la veritat \u00e9s que el fred ha arribat de cop, mentre encara estem paint el Halloween menjant les castanyes i els panellets en m\u00e0niga curta.\">No s\u00e9 si se quedar\u00e1 todo el oto\u00f1o y tambi\u00e9n el invierno o, por el contrario, ser\u00e1 fugaz, pero la verdad es que el fr\u00edo ha llegado de golpe, mientras a\u00fan estamos digiriendo <a href=\"http:\/\/www.immamestre.com\/resaca-post-halloween-castanada\/\">Halloween comiendo las casta\u00f1as<\/a> y los <a href=\"http:\/\/www.immamestre.com\/panellets-de-pinones\/\">panellets<\/a> en manga corta. <\/span><span title=\"La crema de carabass\u00f3 \u00e9s un plat saludable que m'agrada molt i, a m\u00e9s a m\u00e9s, \u00e9s ben f\u00e0cil de fer.\"><strong>La crema de calabac\u00edn es un plato saludable<\/strong> que me gusta mucho y, adem\u00e1s, es muy f\u00e1cil de preparar. <\/span><span title=\"Tot i que el carabass\u00f3 \u00e9s una hortalissa que es recomana menjar-la a l'estiu, perqu\u00e8 \u00e9s la seva \u00e8poca, a mi em ve especialment de gust quan ja comen\u00e7a a fer fred i prefereixes menjar calent. \">Aunque el calabac\u00edn es una hortaliza que se recomienda comerla en verano, porque es su temporada, a m\u00ed me apetece especialmente cuando ya empieza a hacer fr\u00edo y prefieres comer caliente.<\/span><\/span><\/p>\n<p><span title=\"La recepta que il\u00b7lustro es pot cuinar de diverses maneres, per\u00f2 jo acostumo a preparar la versi\u00f3 senzilla.\">La receta que ilustro se puede cocinar de varias maneras, pero yo suelo prepararla en versi\u00f3n sencilla. <\/span><span title=\"Els ingredients s\u00f3n, b\u00e0sicament, el carabass\u00f3, el formatge i la pastanaga.\">Los ingredientes son, b\u00e1sicamente, el <strong>calabac\u00edn<\/strong>, el <strong>queso<\/strong> y la <strong>zanahoria<\/strong>. <\/span><span title=\"Per\u00f2 aquest \u00faltim es pot obviar.\">Pero este \u00faltimo se puede obviar. <\/span><span title=\"De la mateixa manera, si ho prefereixes, per donar m\u00e9s consist\u00e8ncia al plat, la pots acompanyar amb uns daus de pa fregit que posar\u00e0s dins la crema.\">Del mismo modo, si lo prefieres, para dar m\u00e1s consistencia al plato, la puedes acompa\u00f1ar con unos <strong>dados de pan frito<\/strong> que servir\u00e1s dentro de la crema. <\/span><span title=\"\u00c9s tan f\u00e0cil com tallar el pa a daus i daurar-los, amb oli, a la paella, per\u00f2 jo prefereixo no fer-ho per evitar els greixos saturats derivats dels fregits.\">Es tan f\u00e1cil como cortar el pan en dados y dorarlos, con aceite, en la sart\u00e9n. Pero yo prefiero no hacerlo para evitar las grasas saturadas derivadas de los fritos. \u00bf<\/span><span title=\"Anem a veure com faig la crema de carabass\u00f3? \">Vamos a ver c\u00f3mo preparo la crema de calabac\u00edn?<\/span><\/p>\n<h2><span id=\"result_box\" class=\"\" lang=\"es\"><span title=\"Recepta de crema de carabass\u00f3 f\u00e0cil, r\u00e0pid i per llepar-se'n els dits. \">Receta de crema de calabac\u00edn f\u00e1cil, r\u00e1pido y para chuparse los dedos.<\/span><\/span><\/h2>\n<p><img loading=\"lazy\" decoding=\"async\" class=\"size-full wp-image-6611 aligncenter\" src=\"http:\/\/www.immamestre.com\/wp-content\/uploads\/2016\/11\/20161110_Receta-crema-calabacin_ImmaMestre_CAST.jpg\" alt=\"20161110_receta-crema-calabacin_immamestre_cast\" width=\"842\" height=\"1191\" srcset=\"https:\/\/old.immamestre.com\/wp-content\/uploads\/2016\/11\/20161110_Receta-crema-calabacin_ImmaMestre_CAST.jpg 842w, https:\/\/old.immamestre.com\/wp-content\/uploads\/2016\/11\/20161110_Receta-crema-calabacin_ImmaMestre_CAST-600x849.jpg 600w, https:\/\/old.immamestre.com\/wp-content\/uploads\/2016\/11\/20161110_Receta-crema-calabacin_ImmaMestre_CAST-620x877.jpg 620w, https:\/\/old.immamestre.com\/wp-content\/uploads\/2016\/11\/20161110_Receta-crema-calabacin_ImmaMestre_CAST-610x863.jpg 610w\" sizes=\"(max-width: 842px) 100vw, 842px\" \/><\/p>\n<p><span id=\"result_box\" class=\"\" lang=\"es\"><span title=\"Com pots veure, \u00e9s una recepta ben senzilla i pr\u00e0ctica.\">Como puedes ver, es una receta muy sencilla y pr\u00e1ctica. <\/span><span title=\"El carabass\u00f3 aporta moltes propietats a l'organisme com ara la Vitamina C, que ens ajuda a tenir una pell sana i mantenir les defenses actives.\"><strong>El calabac\u00edn aporta muchas propiedades en el organismo<\/strong> tales como la Vitamina C, que nos ayuda a tener una piel sana y mantener las defensas activas. <\/span><span title=\"A part d'aix\u00f2, aquesta hortalissa tamb\u00e9 \u00e9s un bon antioxidant i, gr\u00e0cies al seu alt contingut d'aigua, \u00e9s una font d'hidrataci\u00f3 important.\">Por lo dem\u00e1s, esta hortaliza tambi\u00e9n es un buen antioxidante y, gracias a su alto contenido en agua, es una fuente de hidrataci\u00f3n importante. <\/span><span title=\"Pots saber-ne m\u00e9s propietats buscant per internet, per\u00f2 jo les he apr\u00e8s d'Ets el que menges. \">Puedes saber m\u00e1s propiedades buscando por internet, pero yo las he aprendido de <a href=\"http:\/\/www.etselquemenges.cat\/rebost\/el-carbasso\" target=\"_blank\">Ets el que menges<\/a> (en catal\u00e1n).<\/span><\/span><\/p>\n<p><span title=\"De petita, la meva mare sempre havia fet crema de carabass\u00f3 a casa.\">De peque\u00f1a, mi madre siempre hab\u00eda hecho crema de calabac\u00edn en casa. <\/span><span title=\"A mi no m'agrada especialment, per\u00f2 m'agradava menjar-me-la amb els trossets de pa fregit.\">A m\u00ed no me apetec\u00eda especialmente, pero me gustaba comerme con los trocitos de pan frito. <\/span><span title=\"Amb el temps, una es va fent gran i ja no es pot permetre menjar tot all\u00f2 que vol i, per tant, he eliminat els picatostes de pa fregit i he apr\u00e8s a distingir els aliments que em convenen d'aquells que em s\u00f3n completament imprescindibles\">Con el tiempo, una se va haciendo mayor y ya no se puede permitir comer todo lo que quiere y, por tanto, he eliminado los picatostes de pan frito y he aprendido a distinguir los alimentos que me convienen de aquellos que me son completamente imprescindibles<\/span><span title=\".\">. <\/span><span title=\"El meu cos m'ho agreix. \">Mi cuerpo me lo agradece. <\/span><span id=\"result_box\" class=\"\" lang=\"es\"><span title=\"El meu cos m'ho agreix. \">\u00bfY a ti, te gusta la crema de calabac\u00edn? \u00bfC\u00f3mo la cocinas?<\/span><\/span><\/p>\n<p><span title=\"Bon profit!\">\u00a1Buen provecho!<\/span><\/p>\n<p><img loading=\"lazy\" decoding=\"async\" class=\"alignleft wp-image-5217\" src=\"http:\/\/www.immamestre.com\/wp-content\/uploads\/2016\/06\/Signatura-posts-ImmaMestre2016.jpg\" alt=\"Signatura-posts-ImmaMestre2016\" width=\"85\" height=\"35\" srcset=\"https:\/\/old.immamestre.com\/wp-content\/uploads\/2016\/06\/Signatura-posts-ImmaMestre2016.jpg 170w, https:\/\/old.immamestre.com\/wp-content\/uploads\/2016\/06\/Signatura-posts-ImmaMestre2016-150x62.jpg 150w\" sizes=\"(max-width: 85px) 100vw, 85px\" \/><\/p>\n<p>&nbsp;<\/p>\n","protected":false},"excerpt":{"rendered":"<p>Esta semana ha llegado el fr\u00edo, \u00a1\u00bfeh?! No s\u00e9 si se quedar\u00e1 todo el oto\u00f1o y tambi\u00e9n el invierno o, por el contrario, ser\u00e1 fugaz, pero la verdad es que el fr\u00edo ha llegado de golpe, mientras a\u00fan estamos digiriendo Halloween comiendo las casta\u00f1as y los panellets en manga corta. La crema de calabac\u00edn es [&hellip;]<\/p>\n","protected":false},"author":1,"featured_media":6613,"comment_status":"open","ping_status":"open","sticky":false,"template":"","format":"standard","meta":{"_et_pb_use_builder":"","_et_pb_old_content":"","_et_gb_content_width":"","_monsterinsights_skip_tracking":false,"_monsterinsights_sitenote_active":false,"_monsterinsights_sitenote_note":"","_monsterinsights_sitenote_category":0,"footnotes":""},"categories":[241],"tags":[464,463,286,356],"class_list":["post-6604","post","type-post","status-publish","format-standard","has-post-thumbnail","hentry","category-recetas-ilustradas","tag-calabacin","tag-crema","tag-recepta","tag-receta"],"yoast_head":"<!-- This site is optimized with the Yoast SEO plugin v26.1.1 - https:\/\/yoast.com\/wordpress\/plugins\/seo\/ -->\n<title>Crema de calabac\u00edn. Receta ilustrada f\u00e1cil, r\u00e1pida y saludable<\/title>\n<meta name=\"description\" content=\"Receta ilustrada por Imma Mestre del paso a paso para cocinar de forma sencilla, r\u00e1pida y saludable, una crema de calabac\u00edn.\" \/>\n<meta name=\"robots\" content=\"index, follow, max-snippet:-1, max-image-preview:large, max-video-preview:-1\" \/>\n<link rel=\"canonical\" href=\"https:\/\/old.immamestre.com\/crema-de-carabasso\/\" \/>\n<meta property=\"og:locale\" content=\"es_ES\" \/>\n<meta property=\"og:type\" content=\"article\" \/>\n<meta property=\"og:title\" content=\"Crema de calabac\u00edn. Receta ilustrada f\u00e1cil, r\u00e1pida y saludable\" \/>\n<meta property=\"og:description\" content=\"Receta ilustrada por Imma Mestre del paso a paso para cocinar de forma sencilla, r\u00e1pida y saludable, una crema de calabac\u00edn.\" \/>\n<meta property=\"og:url\" content=\"https:\/\/old.immamestre.com\/crema-de-carabasso\/\" \/>\n<meta property=\"og:site_name\" content=\"Imma Mestre | Ilustraci\u00f3n\" \/>\n<meta property=\"article:published_time\" content=\"2016-11-10T01:23:15+00:00\" \/>\n<meta property=\"og:image\" content=\"https:\/\/old.immamestre.com\/wp-content\/uploads\/2016\/11\/Entrada_Receta-ilustrada-crema-calabacin-CAST_ImmaMestre.jpg\" \/>\n\t<meta property=\"og:image:width\" content=\"890\" \/>\n\t<meta property=\"og:image:height\" content=\"650\" \/>\n\t<meta property=\"og:image:type\" content=\"image\/jpeg\" \/>\n<meta name=\"author\" content=\"Imma Mestre\" \/>\n<meta name=\"twitter:label1\" content=\"Escrito por\" \/>\n\t<meta name=\"twitter:data1\" content=\"Imma Mestre\" \/>\n\t<meta name=\"twitter:label2\" content=\"Tiempo de lectura\" \/>\n\t<meta name=\"twitter:data2\" content=\"2 minutos\" \/>\n<script type=\"application\/ld+json\" class=\"yoast-schema-graph\">{\"@context\":\"https:\/\/schema.org\",\"@graph\":[{\"@type\":\"Article\",\"@id\":\"https:\/\/old.immamestre.com\/crema-de-carabasso\/#article\",\"isPartOf\":{\"@id\":\"https:\/\/old.immamestre.com\/crema-de-carabasso\/\"},\"author\":{\"name\":\"Imma Mestre\",\"@id\":\"https:\/\/old.immamestre.com\/#\/schema\/person\/f649c9039586af566b698906bc9da076\"},\"headline\":\"Crema de calabac\u00edn: receta ilustrada\",\"datePublished\":\"2016-11-10T01:23:15+00:00\",\"mainEntityOfPage\":{\"@id\":\"https:\/\/old.immamestre.com\/crema-de-carabasso\/\"},\"wordCount\":428,\"commentCount\":3,\"publisher\":{\"@id\":\"https:\/\/old.immamestre.com\/#\/schema\/person\/f649c9039586af566b698906bc9da076\"},\"image\":{\"@id\":\"https:\/\/old.immamestre.com\/crema-de-carabasso\/#primaryimage\"},\"thumbnailUrl\":\"https:\/\/old.immamestre.com\/wp-content\/uploads\/2016\/11\/Entrada_Receta-ilustrada-crema-calabacin-CAST_ImmaMestre.jpg\",\"keywords\":[\"calabac\u00edn\",\"crema\",\"recepta\",\"receta\"],\"articleSection\":[\"Recetas ilustradas\"],\"inLanguage\":\"es\",\"potentialAction\":[{\"@type\":\"CommentAction\",\"name\":\"Comment\",\"target\":[\"https:\/\/old.immamestre.com\/crema-de-carabasso\/#respond\"]}]},{\"@type\":\"WebPage\",\"@id\":\"https:\/\/old.immamestre.com\/crema-de-carabasso\/\",\"url\":\"https:\/\/old.immamestre.com\/crema-de-carabasso\/\",\"name\":\"Crema de calabac\u00edn. Receta ilustrada f\u00e1cil, r\u00e1pida y saludable\",\"isPartOf\":{\"@id\":\"https:\/\/old.immamestre.com\/#website\"},\"primaryImageOfPage\":{\"@id\":\"https:\/\/old.immamestre.com\/crema-de-carabasso\/#primaryimage\"},\"image\":{\"@id\":\"https:\/\/old.immamestre.com\/crema-de-carabasso\/#primaryimage\"},\"thumbnailUrl\":\"https:\/\/old.immamestre.com\/wp-content\/uploads\/2016\/11\/Entrada_Receta-ilustrada-crema-calabacin-CAST_ImmaMestre.jpg\",\"datePublished\":\"2016-11-10T01:23:15+00:00\",\"description\":\"Receta ilustrada por Imma Mestre del paso a paso para cocinar de forma sencilla, r\u00e1pida y saludable, una crema de calabac\u00edn.\",\"breadcrumb\":{\"@id\":\"https:\/\/old.immamestre.com\/crema-de-carabasso\/#breadcrumb\"},\"inLanguage\":\"es\",\"potentialAction\":[{\"@type\":\"ReadAction\",\"target\":[\"https:\/\/old.immamestre.com\/crema-de-carabasso\/\"]}]},{\"@type\":\"ImageObject\",\"inLanguage\":\"es\",\"@id\":\"https:\/\/old.immamestre.com\/crema-de-carabasso\/#primaryimage\",\"url\":\"https:\/\/old.immamestre.com\/wp-content\/uploads\/2016\/11\/Entrada_Receta-ilustrada-crema-calabacin-CAST_ImmaMestre.jpg\",\"contentUrl\":\"https:\/\/old.immamestre.com\/wp-content\/uploads\/2016\/11\/Entrada_Receta-ilustrada-crema-calabacin-CAST_ImmaMestre.jpg\",\"width\":890,\"height\":650},{\"@type\":\"BreadcrumbList\",\"@id\":\"https:\/\/old.immamestre.com\/crema-de-carabasso\/#breadcrumb\",\"itemListElement\":[{\"@type\":\"ListItem\",\"position\":1,\"name\":\"Home\",\"item\":\"https:\/\/old.immamestre.com\/\"},{\"@type\":\"ListItem\",\"position\":2,\"name\":\"Crema de calabac\u00edn: receta ilustrada\"}]},{\"@type\":\"WebSite\",\"@id\":\"https:\/\/old.immamestre.com\/#website\",\"url\":\"https:\/\/old.immamestre.com\/\",\"name\":\"Imma Mestre | Ilustraci\u00f3n\",\"description\":\"ilustraci\u00f3n\",\"publisher\":{\"@id\":\"https:\/\/old.immamestre.com\/#\/schema\/person\/f649c9039586af566b698906bc9da076\"},\"potentialAction\":[{\"@type\":\"SearchAction\",\"target\":{\"@type\":\"EntryPoint\",\"urlTemplate\":\"https:\/\/old.immamestre.com\/?s={search_term_string}\"},\"query-input\":{\"@type\":\"PropertyValueSpecification\",\"valueRequired\":true,\"valueName\":\"search_term_string\"}}],\"inLanguage\":\"es\"},{\"@type\":[\"Person\",\"Organization\"],\"@id\":\"https:\/\/old.immamestre.com\/#\/schema\/person\/f649c9039586af566b698906bc9da076\",\"name\":\"Imma Mestre\",\"image\":{\"@type\":\"ImageObject\",\"inLanguage\":\"es\",\"@id\":\"https:\/\/old.immamestre.com\/#\/schema\/person\/image\/\",\"url\":\"https:\/\/secure.gravatar.com\/avatar\/fe9530742331fb8e4cb4de875d82303426947d472e41eb783b6dc62694aa6aff?s=96&d=mm&r=g\",\"contentUrl\":\"https:\/\/secure.gravatar.com\/avatar\/fe9530742331fb8e4cb4de875d82303426947d472e41eb783b6dc62694aa6aff?s=96&d=mm&r=g\",\"caption\":\"Imma Mestre\"},\"logo\":{\"@id\":\"https:\/\/old.immamestre.com\/#\/schema\/person\/image\/\"},\"description\":\"Hola soy Imma. Ilustradora. Hablo a trav\u00e9s de ilustraciones. Dame un l\u00e1piz y pinto tu mundo con historias ilustradas que te har\u00e1n despuntar.\",\"sameAs\":[\"https:\/\/www.immamestre.com\"],\"url\":\"https:\/\/old.immamestre.com\/es\/author\/alpha\/\"}]}<\/script>\n<!-- \/ Yoast SEO plugin. -->","yoast_head_json":{"title":"Crema de calabac\u00edn. Receta ilustrada f\u00e1cil, r\u00e1pida y saludable","description":"Receta ilustrada por Imma Mestre del paso a paso para cocinar de forma sencilla, r\u00e1pida y saludable, una crema de calabac\u00edn.","robots":{"index":"index","follow":"follow","max-snippet":"max-snippet:-1","max-image-preview":"max-image-preview:large","max-video-preview":"max-video-preview:-1"},"canonical":"https:\/\/old.immamestre.com\/crema-de-carabasso\/","og_locale":"es_ES","og_type":"article","og_title":"Crema de calabac\u00edn. Receta ilustrada f\u00e1cil, r\u00e1pida y saludable","og_description":"Receta ilustrada por Imma Mestre del paso a paso para cocinar de forma sencilla, r\u00e1pida y saludable, una crema de calabac\u00edn.","og_url":"https:\/\/old.immamestre.com\/crema-de-carabasso\/","og_site_name":"Imma Mestre | Ilustraci\u00f3n","article_published_time":"2016-11-10T01:23:15+00:00","og_image":[{"width":890,"height":650,"url":"https:\/\/old.immamestre.com\/wp-content\/uploads\/2016\/11\/Entrada_Receta-ilustrada-crema-calabacin-CAST_ImmaMestre.jpg","type":"image\/jpeg"}],"author":"Imma Mestre","twitter_misc":{"Escrito por":"Imma Mestre","Tiempo de lectura":"2 minutos"},"schema":{"@context":"https:\/\/schema.org","@graph":[{"@type":"Article","@id":"https:\/\/old.immamestre.com\/crema-de-carabasso\/#article","isPartOf":{"@id":"https:\/\/old.immamestre.com\/crema-de-carabasso\/"},"author":{"name":"Imma Mestre","@id":"https:\/\/old.immamestre.com\/#\/schema\/person\/f649c9039586af566b698906bc9da076"},"headline":"Crema de calabac\u00edn: receta ilustrada","datePublished":"2016-11-10T01:23:15+00:00","mainEntityOfPage":{"@id":"https:\/\/old.immamestre.com\/crema-de-carabasso\/"},"wordCount":428,"commentCount":3,"publisher":{"@id":"https:\/\/old.immamestre.com\/#\/schema\/person\/f649c9039586af566b698906bc9da076"},"image":{"@id":"https:\/\/old.immamestre.com\/crema-de-carabasso\/#primaryimage"},"thumbnailUrl":"https:\/\/old.immamestre.com\/wp-content\/uploads\/2016\/11\/Entrada_Receta-ilustrada-crema-calabacin-CAST_ImmaMestre.jpg","keywords":["calabac\u00edn","crema","recepta","receta"],"articleSection":["Recetas ilustradas"],"inLanguage":"es","potentialAction":[{"@type":"CommentAction","name":"Comment","target":["https:\/\/old.immamestre.com\/crema-de-carabasso\/#respond"]}]},{"@type":"WebPage","@id":"https:\/\/old.immamestre.com\/crema-de-carabasso\/","url":"https:\/\/old.immamestre.com\/crema-de-carabasso\/","name":"Crema de calabac\u00edn. Receta ilustrada f\u00e1cil, r\u00e1pida y saludable","isPartOf":{"@id":"https:\/\/old.immamestre.com\/#website"},"primaryImageOfPage":{"@id":"https:\/\/old.immamestre.com\/crema-de-carabasso\/#primaryimage"},"image":{"@id":"https:\/\/old.immamestre.com\/crema-de-carabasso\/#primaryimage"},"thumbnailUrl":"https:\/\/old.immamestre.com\/wp-content\/uploads\/2016\/11\/Entrada_Receta-ilustrada-crema-calabacin-CAST_ImmaMestre.jpg","datePublished":"2016-11-10T01:23:15+00:00","description":"Receta ilustrada por Imma Mestre del paso a paso para cocinar de forma sencilla, r\u00e1pida y saludable, una crema de calabac\u00edn.","breadcrumb":{"@id":"https:\/\/old.immamestre.com\/crema-de-carabasso\/#breadcrumb"},"inLanguage":"es","potentialAction":[{"@type":"ReadAction","target":["https:\/\/old.immamestre.com\/crema-de-carabasso\/"]}]},{"@type":"ImageObject","inLanguage":"es","@id":"https:\/\/old.immamestre.com\/crema-de-carabasso\/#primaryimage","url":"https:\/\/old.immamestre.com\/wp-content\/uploads\/2016\/11\/Entrada_Receta-ilustrada-crema-calabacin-CAST_ImmaMestre.jpg","contentUrl":"https:\/\/old.immamestre.com\/wp-content\/uploads\/2016\/11\/Entrada_Receta-ilustrada-crema-calabacin-CAST_ImmaMestre.jpg","width":890,"height":650},{"@type":"BreadcrumbList","@id":"https:\/\/old.immamestre.com\/crema-de-carabasso\/#breadcrumb","itemListElement":[{"@type":"ListItem","position":1,"name":"Home","item":"https:\/\/old.immamestre.com\/"},{"@type":"ListItem","position":2,"name":"Crema de calabac\u00edn: receta ilustrada"}]},{"@type":"WebSite","@id":"https:\/\/old.immamestre.com\/#website","url":"https:\/\/old.immamestre.com\/","name":"Imma Mestre | Ilustraci\u00f3n","description":"ilustraci\u00f3n","publisher":{"@id":"https:\/\/old.immamestre.com\/#\/schema\/person\/f649c9039586af566b698906bc9da076"},"potentialAction":[{"@type":"SearchAction","target":{"@type":"EntryPoint","urlTemplate":"https:\/\/old.immamestre.com\/?s={search_term_string}"},"query-input":{"@type":"PropertyValueSpecification","valueRequired":true,"valueName":"search_term_string"}}],"inLanguage":"es"},{"@type":["Person","Organization"],"@id":"https:\/\/old.immamestre.com\/#\/schema\/person\/f649c9039586af566b698906bc9da076","name":"Imma Mestre","image":{"@type":"ImageObject","inLanguage":"es","@id":"https:\/\/old.immamestre.com\/#\/schema\/person\/image\/","url":"https:\/\/secure.gravatar.com\/avatar\/fe9530742331fb8e4cb4de875d82303426947d472e41eb783b6dc62694aa6aff?s=96&d=mm&r=g","contentUrl":"https:\/\/secure.gravatar.com\/avatar\/fe9530742331fb8e4cb4de875d82303426947d472e41eb783b6dc62694aa6aff?s=96&d=mm&r=g","caption":"Imma Mestre"},"logo":{"@id":"https:\/\/old.immamestre.com\/#\/schema\/person\/image\/"},"description":"Hola soy Imma. Ilustradora. Hablo a trav\u00e9s de ilustraciones. Dame un l\u00e1piz y pinto tu mundo con historias ilustradas que te har\u00e1n despuntar.","sameAs":["https:\/\/www.immamestre.com"],"url":"https:\/\/old.immamestre.com\/es\/author\/alpha\/"}]}},"_links":{"self":[{"href":"https:\/\/old.immamestre.com\/es\/wp-json\/wp\/v2\/posts\/6604","targetHints":{"allow":["GET"]}}],"collection":[{"href":"https:\/\/old.immamestre.com\/es\/wp-json\/wp\/v2\/posts"}],"about":[{"href":"https:\/\/old.immamestre.com\/es\/wp-json\/wp\/v2\/types\/post"}],"author":[{"embeddable":true,"href":"https:\/\/old.immamestre.com\/es\/wp-json\/wp\/v2\/users\/1"}],"replies":[{"embeddable":true,"href":"https:\/\/old.immamestre.com\/es\/wp-json\/wp\/v2\/comments?post=6604"}],"version-history":[{"count":3,"href":"https:\/\/old.immamestre.com\/es\/wp-json\/wp\/v2\/posts\/6604\/revisions"}],"predecessor-version":[{"id":6614,"href":"https:\/\/old.immamestre.com\/es\/wp-json\/wp\/v2\/posts\/6604\/revisions\/6614"}],"wp:featuredmedia":[{"embeddable":true,"href":"https:\/\/old.immamestre.com\/es\/wp-json\/wp\/v2\/media\/6613"}],"wp:attachment":[{"href":"https:\/\/old.immamestre.com\/es\/wp-json\/wp\/v2\/media?parent=6604"}],"wp:term":[{"taxonomy":"category","embeddable":true,"href":"https:\/\/old.immamestre.com\/es\/wp-json\/wp\/v2\/categories?post=6604"},{"taxonomy":"post_tag","embeddable":true,"href":"https:\/\/old.immamestre.com\/es\/wp-json\/wp\/v2\/tags?post=6604"}],"curies":[{"name":"wp","href":"https:\/\/api.w.org\/{rel}","templated":true}]}}