{"id":5584,"date":"2016-09-01T05:30:48","date_gmt":"2016-09-01T03:30:48","guid":{"rendered":"http:\/\/www.immamestre.com\/?p=5584"},"modified":"2018-07-12T10:42:37","modified_gmt":"2018-07-12T08:42:37","slug":"gelat-xocolata","status":"publish","type":"post","link":"https:\/\/old.immamestre.com\/es\/gelat-xocolata\/","title":{"rendered":"Receta ilustrada de helado de chocolate, casero, sano y 100% natural"},"content":{"rendered":"<p>[et_pb_section bb_built=\u00bb1&#8243;][et_pb_row][et_pb_column type=\u00bb4_4&#8243;][et_pb_image admin_label=\u00bbImagen portadeta\u00bb _builder_version=\u00bb3.9&#8243; src=\u00bbhttps:\/\/old.immamestre.com\/wp-content\/uploads\/2016\/08\/Portada-recepta-ilustrada-gelat-xocoalata_ImmaMestre.jpg\u00bb \/][et_pb_text admin_label=\u00bbTexto CAST\u00bb _builder_version=\u00bb3.9&#8243;]<\/p>\n<p>\u00bfA quien no le gusta el chocolate? A m\u00ed me vuelve loca. En verano son mis postres preferidos, en forma de helado.\u00a0 Lo como los fines de semana, en plan \u201cmi momento\u201d y si estoy de vacaciones, cada d\u00eda cae alguno.<\/p>\n<p>Hoy empezamos el mes de septiembre. Casi todo el mundo ya ha vuelto a sus puestos de trabajo, el calor ya empieza a menguar, los ni\u00f1os pronto empezar\u00e1n la escuela\u2026 Es c\u00f3mo si estuvi\u00e9ramos prepar\u00e1ndonos para comenzar la rutina invernal y dejar atr\u00e1s la estival. Y yo me niego. Todav\u00eda hace calor y este a\u00f1o el verano me ha pasado extremadamente r\u00e1pido. Por otro lado, t\u00e9cnicamente todav\u00eda no hemos cambiado de estaci\u00f3n. Por lo tanto, he decidido sumar a la colecci\u00f3n de <a href=\"https:\/\/old.immamestre.com\/category\/recetas-ilustradas\/\">recetas ilustradas<\/a>, la de helado de chocolate. As\u00ed me da la sensaci\u00f3n que retengo un poco m\u00e1s el verano conmigo.<\/p>\n<p>El helado que compro, no te enga\u00f1ar\u00e9, es de supermercado. Pero est\u00e1 muy bueno. No obstante, me dej\u00f3 un rato pensando cuando le\u00ed el envase. Pon\u00eda: \u201chelado de chocolate cono trocitos sabor chocolate\u201d. \u00bf\u201cTrocitos sabor chocolate\u201d? \u00bfNo tendr\u00eda que decir \u00abcon trocitos de chocolate\u201d? \u00bfQu\u00e9 quiere decir con \u201csabor chocolate\u201d?<\/p>\n<p>\u00daltimamente estoy descubriendo la <strong>cocina m\u00e1s saludable<\/strong>. Intento comer productos m\u00e1s naturales y generar menos residuos. De este modo, empec\u00e9 a buscar una receta de helado de chocolate que yo misma pudiera hacer en casa.<\/p>\n<p>Bien es verdad que por internet hay de todo y\u00a0 encontr\u00e9 muchas. Pero hay una que me funciona estupendamente y es muy f\u00e1cil de hacer. La encontr\u00e9 en la web de la coach nutricional <a href=\"http:\/\/martamatocoach.com\" target=\"_blank\" rel=\"noopener\">Marta Mat\u00f3<\/a>. Y es tan sencilla de hacer que yo misma pens\u00e9 como no se me hab\u00eda ocurrido antes.<\/p>\n<p>La receta que Marta comparte es para hacer <a href=\"http:\/\/martamatocoach.com\/como-elaborar-un-helado-sanisimo\/\" target=\"_blank\" rel=\"noopener\">helado de fruta<\/a>, as\u00ed que te animo que la leas en su blog. Yo te la muestro versionada para hacer helado de chocolate. Oye, que la receta tambi\u00e9n me la dio ella (bueno, aument\u00e9 un poquito la cantidad de chocolate) as\u00ed que no sufras, que saludable lo es igualmente. \u00a1Me encanta!<\/p>\n<p>&nbsp;<\/p>\n<p>[\/et_pb_text][et_pb_image admin_label=\u00bbImagen receta\u00bb _builder_version=\u00bb3.9&#8243; src=\u00bbhttps:\/\/old.immamestre.com\/wp-content\/uploads\/2016\/08\/20160901_Recepta-gelat-xocolata.jpg\u00bb \/][et_pb_text admin_label=\u00bbTexto CAST despedida\u00bb _builder_version=\u00bb3.9&#8243;]<\/p>\n<p>Si no eres de chocolate ni de helados y prefieres el granizado para refrescarte durante el verano, mira la receta que ilustr\u00e9 del <a href=\"http:\/\/www.immamestre.com\/granissat-llimona\/\">granizado de lim\u00f3n<\/a>, que tambi\u00e9n est\u00e1 buen\u00edsimo.<\/p>\n<p>\u00a1Buen provecho!<\/p>\n<p><img loading=\"lazy\" decoding=\"async\" class=\"alignleft wp-image-5217\" src=\"http:\/\/www.immamestre.com\/wp-content\/uploads\/2016\/06\/Signatura-posts-ImmaMestre2016.jpg\" alt=\"Signatura-posts-ImmaMestre2016\" width=\"90\" height=\"37\" srcset=\"https:\/\/old.immamestre.com\/wp-content\/uploads\/2016\/06\/Signatura-posts-ImmaMestre2016.jpg 170w, https:\/\/old.immamestre.com\/wp-content\/uploads\/2016\/06\/Signatura-posts-ImmaMestre2016-150x62.jpg 150w\" sizes=\"(max-width: 90px) 100vw, 90px\" \/><\/p>\n<p>[\/et_pb_text][\/et_pb_column][\/et_pb_row][et_pb_row][et_pb_column type=\u00bb4_4&#8243;][et_pb_toggle admin_label=\u00bbConmutador per text en CAT\u00bb _builder_version=\u00bb3.9&#8243; title=\u00bb%91Traducci\u00f3 en catal\u00e0%93&#8243; icon_color=\u00bb#ed8b00&#8243; closed_toggle_text_color=\u00bb#ed8b00&#8243; closed_toggle_background_color=\u00bbrgba(237,139,0,0.05)\u00bb border_color_all=\u00bb#ed8b00&#8243;]<\/p>\n<p>A qui no li agrada la xocolata? A mi em torna boja! A l\u2019estiu s\u00f3n les meves postres preferides, en forma de gelat. En menjo els caps de setmana, com a \u201cel meu moment\u201d i si estic de vacances, cada dia en cau algun.<\/p>\n<p>Avui comencem el mes de setembre. Gaireb\u00e9 tothom ja ha tornat als seus llocs de feina, la calor ja comen\u00e7a a minvar, els nens aviat comen\u00e7aran l\u2019escola\u2026 \u00c9s com si estigu\u00e9ssim preparant-nos per encetar la rutina hivernal i deixar endarrere l\u2019estival. I jo m\u2019hi nego. Encara fa caloreta i aquest any l\u2019estiu m\u2019ha passat extremadament volant. Per altra banda, t\u00e8cnicament encara no hem canviat d\u2019estaci\u00f3. Per tant, he decidit sumar a la col\u00b7lecci\u00f3 de <a href=\"https:\/\/old.immamestre.com\/category\/recetas-ilustradas\/\">receptes il\u00b7lustrades<\/a>, la de gelat de xocolata. Aix\u00ed em d\u00f3na la sensaci\u00f3 que retinc una mica m\u00e9s l\u2019estiu al meu costat.<\/p>\n<p>El gelat que compro, no t\u2019enganyar\u00e9, \u00e9s de supermercat. Per\u00f2 est\u00e0 molt bo. No obstant, em va deixar una estona pensant quan vaig llegir l\u2019env\u00e0s. Posava: \u201c<em>helado de chocolate con trocitos sabor chocolate<\/em>\u201d. \u201c<em>Trocitos sabor chocolate<\/em>\u201d? No hauria de dir \u00ab<em>con trocitos de chocolate<\/em>\u00ab? Qu\u00e8 vol dir amb \u201c<em>sabor chocolate<\/em>\u201d?<\/p>\n<p>\u00daltimament estic descobrint la <strong>cuina m\u00e9s saludable<\/strong>. Intento menjar productes m\u00e9s naturals i generar menys residus. D\u2019aquesta manera, vaig comen\u00e7ar a buscar una recepta de gelat de xocolata que jo mateixa pogu\u00e9s fer a casa.<\/p>\n<p>La veritat \u00e9s que per internet hi ha de tot i en vaig trobar moltes. Per\u00f2 n\u2019hi ha una que em funciona estupendament i \u00e9s molt f\u00e0cil de fer. La vaig trobar a la web de la coach nutricional <a href=\"http:\/\/www.martamatocoach.com\" target=\"_blank\" rel=\"noopener\">Marta Mat\u00f3<\/a>. I \u00e9s tan senzilla de fer que jo mateixa vaig pensar com no se m\u2019havia ocorregut abans.<\/p>\n<p>La recepta que la Marta comparteix \u00e9s per fer <a href=\"http:\/\/martamatocoach.com\/como-elaborar-un-helado-sanisimo\/\" target=\"_blank\" rel=\"noopener\">gelat de fruita<\/a>, aix\u00ed que t\u2019animo que la llegeixis al seu blog. Jo te la mostro versionada per fer gelat de xocolata. Ep, que la recepta tamb\u00e9 me la va donar ella (b\u00e9, n\u2019he augmentat un xic la quantitat de xocolata) aix\u00ed que no pateixis, que saludable ho \u00e9s igualment. M\u2019encanta!<\/p>\n<p>La base \u00e9s el pl\u00e0tan congelat. La resta, all\u00f2 que et vingui de gust. Si \u00e9s fruita, ha d\u2019estar tamb\u00e9 congelada.<\/p>\n<p>I si no ets de xocolata o gelats i prefereixes el granissat per refrescar-te durant l&#8217;estiu, mira&#8217;t la recepta que vaig il\u00b7lustrar del <a href=\"http:\/\/www.immamestre.com\/granissat-llimona\/\">granissat de llimona<\/a>, que tamb\u00e9 \u00e9s molt bona.<\/p>\n<p>Bon profit!<\/p>\n<p><img loading=\"lazy\" decoding=\"async\" class=\"alignnone wp-image-5217\" src=\"https:\/\/old.immamestre.com\/wp-content\/uploads\/2016\/06\/Signatura-posts-ImmaMestre2016.jpg\" alt=\"Signatura-posts-ImmaMestre2016\" width=\"90\" height=\"37\" srcset=\"https:\/\/old.immamestre.com\/wp-content\/uploads\/2016\/06\/Signatura-posts-ImmaMestre2016.jpg 170w, https:\/\/old.immamestre.com\/wp-content\/uploads\/2016\/06\/Signatura-posts-ImmaMestre2016-150x62.jpg 150w\" sizes=\"(max-width: 90px) 100vw, 90px\" \/><\/p>\n<p>[\/et_pb_toggle][\/et_pb_column][\/et_pb_row][\/et_pb_section]<\/p>\n","protected":false},"excerpt":{"rendered":"<p><div class=\"et_pb_row et_pb_row_0 et_pb_row_empty\">\n\t\t\t\t\n\t\t\t\t\n\t\t\t\t\n\t\t\t\t\n\t\t\t\t\n\t\t\t<\/div> \u00bfA quien no le gusta el chocolate? A m\u00ed me vuelve loca. En verano son mis postres preferidos, en forma de helado.\u00a0 Lo como los fines de semana, en plan \u201cmi momento\u201d y si estoy de vacaciones, cada d\u00eda cae alguno. Hoy empezamos el mes de septiembre. Casi todo el mundo ya ha vuelto [&hellip;]<\/p>\n","protected":false},"author":1,"featured_media":5590,"comment_status":"open","ping_status":"open","sticky":false,"template":"","format":"standard","meta":{"_et_pb_use_builder":"on","_et_pb_old_content":"<p>A qui no li agrada la xocolata? A mi em torna boja! A l\u2019estiu s\u00f3n les meves postres preferides, en forma de gelat. En menjo els caps de setmana, com a \u201cel meu moment\u201d i si estic de vacances, cada dia en cau algun.<\/p><p>Avui comencem el mes de setembre. Gaireb\u00e9 tothom ja ha tornat als seus llocs de feina, la calor ja comen\u00e7a a minvar, els nens aviat comen\u00e7aran l\u2019escola\u2026 \u00c9s com si estigu\u00e9ssim preparant-nos per encetar la rutina hivernal i deixar endarrere l\u2019estival. I jo m\u2019hi nego. Encara fa caloreta i aquest any l\u2019estiu m\u2019ha passat extremadament volant. Per altra banda, t\u00e8cnicament encara no hem canviat d\u2019estaci\u00f3. Per tant, he decidit sumar a la col\u00b7lecci\u00f3 de <a href=\"http:\/\/www.immamestre.com\/category\/illustrated-recipe\/\">receptes il\u00b7lustrades<\/a>, la de gelat de xocolata. Aix\u00ed em d\u00f3na la sensaci\u00f3 que retinc una mica m\u00e9s l\u2019estiu al meu costat.<\/p><p>El gelat que compro, no t\u2019enganyar\u00e9, \u00e9s de supermercat. Per\u00f2 est\u00e0 molt bo. No obstant, em va deixar una estona pensant quan vaig llegir l\u2019env\u00e0s. Posava: \u201c<em>helado de chocolate con trocitos sabor chocolate<\/em>\u201d. \u201c<em>Trocitos sabor chocolate<\/em>\u201d? No hauria de dir \"<em>con trocitos de chocolate<\/em>\"? Qu\u00e8 vol dir amb \u201c<em>sabor chocolate<\/em>\u201d?<\/p><p>\u00daltimament estic descobrint la <strong>cuina m\u00e9s saludable<\/strong>. Intento menjar productes m\u00e9s naturals i generar menys residus. D\u2019aquesta manera, vaig comen\u00e7ar a buscar una recepta de gelat de xocolata que jo mateixa pogu\u00e9s fer a casa.<\/p><p>La veritat \u00e9s que per internet hi ha de tot i en vaig trobar moltes. Per\u00f2 n\u2019hi ha una que em funciona estupendament i \u00e9s molt f\u00e0cil de fer. La vaig trobar a la web de la coach nutricional <a href=\"http:\/\/www.martamatocoach.com\" target=\"_blank\" rel=\"noopener\">Marta Mat\u00f3<\/a>. I \u00e9s tan senzilla de fer que jo mateixa vaig pensar com no se m\u2019havia ocorregut abans.<\/p><p>La recepta que la Marta comparteix \u00e9s per fer <a href=\"http:\/\/martamatocoach.com\/como-elaborar-un-helado-sanisimo\/\" target=\"_blank\" rel=\"noopener\">gelat de fruita<\/a>, aix\u00ed que t\u2019animo que la llegeixis al seu blog. Jo te la mostro versionada per fer gelat de xocolata. Ep, que la recepta tamb\u00e9 me la va donar ella (b\u00e9, n\u2019he augmentat un xic la quantitat de xocolata) aix\u00ed que no pateixis, que saludable ho \u00e9s igualment. M\u2019encanta!<\/p><p>La base \u00e9s el pl\u00e0tan congelat. La resta, all\u00f2 que et vingui de gust. Si \u00e9s fruita, ha d\u2019estar tamb\u00e9 congelada.<\/p><p><img class=\"size-full wp-image-5589\" src=\"http:\/\/www.immamestre.com\/wp-content\/uploads\/2016\/08\/20160901_Recepta-gelat-xocolata.jpg\" alt=\"Recepta il\u00b7lustrada de gelat de xocolata\" width=\"890\" height=\"1351\" \/><\/p><p>I si no ets de xocolata o gelats i prefereixes el granissat per refrescar-te durant l'estiu, mira't la recepta que vaig il\u00b7lustrar del <a href=\"http:\/\/www.immamestre.com\/granissat-llimona\/\">granissat de llimona<\/a>, que tamb\u00e9 \u00e9s molt bona.<\/p><p>Bon profit!<\/p><p><img class=\"alignleft wp-image-5217\" src=\"http:\/\/www.immamestre.com\/wp-content\/uploads\/2016\/06\/Signatura-posts-ImmaMestre2016.jpg\" alt=\"Signatura-posts-ImmaMestre2016\" width=\"90\" height=\"37\" \/><\/p><p>\u00a0<\/p><p>\u00a0<\/p><p><span style=\"color: #008798;\">----- <\/span><\/p><p>[CAST]<\/p><h2>Receta ilustrada de helado de chocolate, casero, sano y 100% natural<\/h2><p>\u00bfA quien no le gusta el chocolate? A m\u00ed me vuelve loca. En verano son mis postres preferidos, en forma de helado.\u00a0 Lo como los fines de semana, en plan \u201cmi momento\u201d y si estoy de vacaciones, cada d\u00eda cae alguno.<\/p><p>Hoy empezamos el mes de septiembre. Casi todo el mundo ya ha vuelto a sus puestos de trabajo, el calor ya empieza a menguar, los ni\u00f1os pronto empezar\u00e1n la escuela\u2026 Es c\u00f3mo si estuvi\u00e9ramos prepar\u00e1ndonos para comenzar la rutina invernal y dejar atr\u00e1s la estival. Y yo me niego. Todav\u00eda hace calor y este a\u00f1o el verano me ha pasado extremadamente r\u00e1pido. Por otro lado, t\u00e9cnicamente todav\u00eda no hemos cambiado de estaci\u00f3n. Por lo tanto, he decidido sumar a la colecci\u00f3n de <a href=\"http:\/\/www.immamestre.com\/category\/illustrated-recipe\/\">recetas ilustradas<\/a>, la de helado de chocolate. As\u00ed me da la sensaci\u00f3n que retengo un poco m\u00e1s el verano conmigo.<\/p><p>El helado que compro, no te enga\u00f1ar\u00e9, es de supermercado. Pero est\u00e1 muy bueno. No obstante, me dej\u00f3 un rato pensando cuando le\u00ed el envase. Pon\u00eda: \u201chelado de chocolate cono trocitos sabor chocolate\u201d. \u00bf\u201cTrocitos sabor chocolate\u201d? \u00bfNo tendr\u00eda que decir \"con trocitos de chocolate\u201d? \u00bfQu\u00e9 quiere decir con \u201csabor chocolate\u201d?<\/p><p>\u00daltimamente estoy descubriendo la <strong>cocina m\u00e1s saludable<\/strong>. Intento comer productos m\u00e1s naturales y generar menos residuos. De este modo, empec\u00e9 a buscar una receta de helado de chocolate que yo misma pudiera hacer en casa.<\/p><p>Bien es verdad que por internet hay de todo y\u00a0 encontr\u00e9 muchas. Pero hay una que me funciona estupendamente y es muy f\u00e1cil de hacer. La encontr\u00e9 en la web de la coach nutricional <a href=\"http:\/\/martamatocoach.com\" target=\"_blank\" rel=\"noopener\">Marta Mat\u00f3<\/a>. Y es tan sencilla de hacer que yo misma pens\u00e9 como no se me hab\u00eda ocurrido antes.<\/p><p>La receta que Marta comparte es para hacer <a href=\"http:\/\/martamatocoach.com\/como-elaborar-un-helado-sanisimo\/\" target=\"_blank\" rel=\"noopener\">helado de fruta<\/a>, as\u00ed que te animo que la leas en su blog. Yo te la muestro versionada para hacer helado de chocolate. Oye, que la receta tambi\u00e9n me la dio ella (bueno, aument\u00e9 un poquito la cantidad de chocolate) as\u00ed que no sufras, que saludable lo es igualmente. \u00a1Me encanta!<\/p><p>La base es el pl\u00e1tano congelado. El resto, aquello que te apetezca. Si es fruta, tiene que estar tambi\u00e9n congelada.<\/p><p>Si no eres de chocolate ni de helados y prefieres el granizado para refrescarte durante el verano, mira la receta que ilustr\u00e9 del <a href=\"http:\/\/www.immamestre.com\/granissat-llimona\/\">granizado de lim\u00f3n<\/a>, que tambi\u00e9n est\u00e1 buen\u00edsimo.<\/p><p>\u00a1Buen provecho!<\/p><p><img class=\"alignleft wp-image-5217\" src=\"http:\/\/www.immamestre.com\/wp-content\/uploads\/2016\/06\/Signatura-posts-ImmaMestre2016.jpg\" alt=\"Signatura-posts-ImmaMestre2016\" width=\"90\" height=\"37\" \/><\/p>","_et_gb_content_width":"","_monsterinsights_skip_tracking":false,"_monsterinsights_sitenote_active":false,"_monsterinsights_sitenote_note":"","_monsterinsights_sitenote_category":0,"footnotes":""},"categories":[241],"tags":[355,353,354,286,356,296],"class_list":["post-5584","post","type-post","status-publish","format-standard","has-post-thumbnail","hentry","category-recetas-ilustradas","tag-chocolate","tag-gelat","tag-helado","tag-recepta","tag-receta","tag-xocolata"],"yoast_head":"<!-- This site is optimized with the Yoast SEO plugin v26.1.1 - https:\/\/yoast.com\/wordpress\/plugins\/seo\/ -->\n<title>Recepta il\u00b7lustrada de gelat de xocolata, casol\u00e0, sa i 100% natural<\/title>\n<meta name=\"description\" content=\"Recepta il\u00b7lustrada sobre el pas a pas de com fer gelat de xocolata de manera casolana, sana i 100% natural il\u00b7lustrada per l&#039;Imma Mestre\" \/>\n<meta name=\"robots\" content=\"index, follow, max-snippet:-1, max-image-preview:large, max-video-preview:-1\" \/>\n<link rel=\"canonical\" href=\"https:\/\/old.immamestre.com\/recepta-il\u00b7lustrada-gelat-xocolata-casola-sa-i-100-natural\/\" \/>\n<meta property=\"og:locale\" content=\"es_ES\" \/>\n<meta property=\"og:type\" content=\"article\" \/>\n<meta property=\"og:title\" content=\"Recepta il\u00b7lustrada de gelat de xocolata, casol\u00e0, sa i 100% natural\" \/>\n<meta property=\"og:description\" content=\"Recepta il\u00b7lustrada sobre el pas a pas de com fer gelat de xocolata de manera casolana, sana i 100% natural il\u00b7lustrada per l&#039;Imma Mestre\" \/>\n<meta property=\"og:url\" content=\"https:\/\/old.immamestre.com\/recepta-il\u00b7lustrada-gelat-xocolata-casola-sa-i-100-natural\/\" \/>\n<meta property=\"og:site_name\" content=\"Imma Mestre | Ilustraci\u00f3n\" \/>\n<meta property=\"article:published_time\" content=\"2016-09-01T03:30:48+00:00\" \/>\n<meta property=\"article:modified_time\" content=\"2018-07-12T08:42:37+00:00\" \/>\n<meta property=\"og:image\" content=\"https:\/\/old.immamestre.com\/wp-content\/uploads\/2016\/08\/Portada-recepta-ilustrada-gelat-xocoalata_ImmaMestre.jpg\" \/>\n\t<meta property=\"og:image:width\" content=\"750\" \/>\n\t<meta property=\"og:image:height\" content=\"750\" \/>\n\t<meta property=\"og:image:type\" content=\"image\/jpeg\" \/>\n<meta name=\"author\" content=\"Imma Mestre\" \/>\n<meta name=\"twitter:label1\" content=\"Escrito por\" \/>\n\t<meta name=\"twitter:data1\" content=\"Imma Mestre\" \/>\n\t<meta name=\"twitter:label2\" content=\"Tiempo de lectura\" \/>\n\t<meta name=\"twitter:data2\" content=\"6 minutos\" \/>\n<script type=\"application\/ld+json\" class=\"yoast-schema-graph\">{\"@context\":\"https:\/\/schema.org\",\"@graph\":[{\"@type\":\"Article\",\"@id\":\"https:\/\/old.immamestre.com\/recepta-il%c2%b7lustrada-gelat-xocolata-casola-sa-i-100-natural\/#article\",\"isPartOf\":{\"@id\":\"https:\/\/old.immamestre.com\/recepta-il%c2%b7lustrada-gelat-xocolata-casola-sa-i-100-natural\/\"},\"author\":{\"name\":\"Imma Mestre\",\"@id\":\"https:\/\/old.immamestre.com\/#\/schema\/person\/f649c9039586af566b698906bc9da076\"},\"headline\":\"Receta ilustrada de helado de chocolate, casero, sano y 100% natural\",\"datePublished\":\"2016-09-01T03:30:48+00:00\",\"dateModified\":\"2018-07-12T08:42:37+00:00\",\"mainEntityOfPage\":{\"@id\":\"https:\/\/old.immamestre.com\/recepta-il%c2%b7lustrada-gelat-xocolata-casola-sa-i-100-natural\/\"},\"wordCount\":977,\"commentCount\":3,\"publisher\":{\"@id\":\"https:\/\/old.immamestre.com\/#\/schema\/person\/f649c9039586af566b698906bc9da076\"},\"image\":{\"@id\":\"https:\/\/old.immamestre.com\/recepta-il%c2%b7lustrada-gelat-xocolata-casola-sa-i-100-natural\/#primaryimage\"},\"thumbnailUrl\":\"https:\/\/old.immamestre.com\/wp-content\/uploads\/2016\/08\/Portada-recepta-ilustrada-gelat-xocoalata_ImmaMestre.jpg\",\"keywords\":[\"chocolate\",\"gelat\",\"helado\",\"recepta\",\"receta\",\"xocolata\"],\"articleSection\":[\"Recetas ilustradas\"],\"inLanguage\":\"es\",\"potentialAction\":[{\"@type\":\"CommentAction\",\"name\":\"Comment\",\"target\":[\"https:\/\/old.immamestre.com\/recepta-il%c2%b7lustrada-gelat-xocolata-casola-sa-i-100-natural\/#respond\"]}]},{\"@type\":\"WebPage\",\"@id\":\"https:\/\/old.immamestre.com\/recepta-il%c2%b7lustrada-gelat-xocolata-casola-sa-i-100-natural\/\",\"url\":\"https:\/\/old.immamestre.com\/recepta-il%c2%b7lustrada-gelat-xocolata-casola-sa-i-100-natural\/\",\"name\":\"Recepta il\u00b7lustrada de gelat de xocolata, casol\u00e0, sa i 100% natural\",\"isPartOf\":{\"@id\":\"https:\/\/old.immamestre.com\/#website\"},\"primaryImageOfPage\":{\"@id\":\"https:\/\/old.immamestre.com\/recepta-il%c2%b7lustrada-gelat-xocolata-casola-sa-i-100-natural\/#primaryimage\"},\"image\":{\"@id\":\"https:\/\/old.immamestre.com\/recepta-il%c2%b7lustrada-gelat-xocolata-casola-sa-i-100-natural\/#primaryimage\"},\"thumbnailUrl\":\"https:\/\/old.immamestre.com\/wp-content\/uploads\/2016\/08\/Portada-recepta-ilustrada-gelat-xocoalata_ImmaMestre.jpg\",\"datePublished\":\"2016-09-01T03:30:48+00:00\",\"dateModified\":\"2018-07-12T08:42:37+00:00\",\"description\":\"Recepta il\u00b7lustrada sobre el pas a pas de com fer gelat de xocolata de manera casolana, sana i 100% natural il\u00b7lustrada per l'Imma Mestre\",\"breadcrumb\":{\"@id\":\"https:\/\/old.immamestre.com\/recepta-il%c2%b7lustrada-gelat-xocolata-casola-sa-i-100-natural\/#breadcrumb\"},\"inLanguage\":\"es\",\"potentialAction\":[{\"@type\":\"ReadAction\",\"target\":[\"https:\/\/old.immamestre.com\/recepta-il%c2%b7lustrada-gelat-xocolata-casola-sa-i-100-natural\/\"]}]},{\"@type\":\"ImageObject\",\"inLanguage\":\"es\",\"@id\":\"https:\/\/old.immamestre.com\/recepta-il%c2%b7lustrada-gelat-xocolata-casola-sa-i-100-natural\/#primaryimage\",\"url\":\"https:\/\/old.immamestre.com\/wp-content\/uploads\/2016\/08\/Portada-recepta-ilustrada-gelat-xocoalata_ImmaMestre.jpg\",\"contentUrl\":\"https:\/\/old.immamestre.com\/wp-content\/uploads\/2016\/08\/Portada-recepta-ilustrada-gelat-xocoalata_ImmaMestre.jpg\",\"width\":750,\"height\":750,\"caption\":\"Portada per a la recepta il\u00b7lustrada de gelat de xocolata\"},{\"@type\":\"BreadcrumbList\",\"@id\":\"https:\/\/old.immamestre.com\/recepta-il%c2%b7lustrada-gelat-xocolata-casola-sa-i-100-natural\/#breadcrumb\",\"itemListElement\":[{\"@type\":\"ListItem\",\"position\":1,\"name\":\"Home\",\"item\":\"https:\/\/old.immamestre.com\/\"},{\"@type\":\"ListItem\",\"position\":2,\"name\":\"Receta ilustrada de helado de chocolate, casero, sano y 100% natural\"}]},{\"@type\":\"WebSite\",\"@id\":\"https:\/\/old.immamestre.com\/#website\",\"url\":\"https:\/\/old.immamestre.com\/\",\"name\":\"Imma Mestre | Ilustraci\u00f3n\",\"description\":\"ilustraci\u00f3n\",\"publisher\":{\"@id\":\"https:\/\/old.immamestre.com\/#\/schema\/person\/f649c9039586af566b698906bc9da076\"},\"potentialAction\":[{\"@type\":\"SearchAction\",\"target\":{\"@type\":\"EntryPoint\",\"urlTemplate\":\"https:\/\/old.immamestre.com\/?s={search_term_string}\"},\"query-input\":{\"@type\":\"PropertyValueSpecification\",\"valueRequired\":true,\"valueName\":\"search_term_string\"}}],\"inLanguage\":\"es\"},{\"@type\":[\"Person\",\"Organization\"],\"@id\":\"https:\/\/old.immamestre.com\/#\/schema\/person\/f649c9039586af566b698906bc9da076\",\"name\":\"Imma Mestre\",\"image\":{\"@type\":\"ImageObject\",\"inLanguage\":\"es\",\"@id\":\"https:\/\/old.immamestre.com\/#\/schema\/person\/image\/\",\"url\":\"https:\/\/secure.gravatar.com\/avatar\/fe9530742331fb8e4cb4de875d82303426947d472e41eb783b6dc62694aa6aff?s=96&d=mm&r=g\",\"contentUrl\":\"https:\/\/secure.gravatar.com\/avatar\/fe9530742331fb8e4cb4de875d82303426947d472e41eb783b6dc62694aa6aff?s=96&d=mm&r=g\",\"caption\":\"Imma Mestre\"},\"logo\":{\"@id\":\"https:\/\/old.immamestre.com\/#\/schema\/person\/image\/\"},\"description\":\"Hola soy Imma. Ilustradora. Hablo a trav\u00e9s de ilustraciones. Dame un l\u00e1piz y pinto tu mundo con historias ilustradas que te har\u00e1n despuntar.\",\"sameAs\":[\"https:\/\/www.immamestre.com\"],\"url\":\"https:\/\/old.immamestre.com\/es\/author\/alpha\/\"}]}<\/script>\n<!-- \/ Yoast SEO plugin. -->","yoast_head_json":{"title":"Recepta il\u00b7lustrada de gelat de xocolata, casol\u00e0, sa i 100% natural","description":"Recepta il\u00b7lustrada sobre el pas a pas de com fer gelat de xocolata de manera casolana, sana i 100% natural il\u00b7lustrada per l'Imma Mestre","robots":{"index":"index","follow":"follow","max-snippet":"max-snippet:-1","max-image-preview":"max-image-preview:large","max-video-preview":"max-video-preview:-1"},"canonical":"https:\/\/old.immamestre.com\/recepta-il\u00b7lustrada-gelat-xocolata-casola-sa-i-100-natural\/","og_locale":"es_ES","og_type":"article","og_title":"Recepta il\u00b7lustrada de gelat de xocolata, casol\u00e0, sa i 100% natural","og_description":"Recepta il\u00b7lustrada sobre el pas a pas de com fer gelat de xocolata de manera casolana, sana i 100% natural il\u00b7lustrada per l'Imma Mestre","og_url":"https:\/\/old.immamestre.com\/recepta-il\u00b7lustrada-gelat-xocolata-casola-sa-i-100-natural\/","og_site_name":"Imma Mestre | Ilustraci\u00f3n","article_published_time":"2016-09-01T03:30:48+00:00","article_modified_time":"2018-07-12T08:42:37+00:00","og_image":[{"width":750,"height":750,"url":"https:\/\/old.immamestre.com\/wp-content\/uploads\/2016\/08\/Portada-recepta-ilustrada-gelat-xocoalata_ImmaMestre.jpg","type":"image\/jpeg"}],"author":"Imma Mestre","twitter_misc":{"Escrito por":"Imma Mestre","Tiempo de lectura":"6 minutos"},"schema":{"@context":"https:\/\/schema.org","@graph":[{"@type":"Article","@id":"https:\/\/old.immamestre.com\/recepta-il%c2%b7lustrada-gelat-xocolata-casola-sa-i-100-natural\/#article","isPartOf":{"@id":"https:\/\/old.immamestre.com\/recepta-il%c2%b7lustrada-gelat-xocolata-casola-sa-i-100-natural\/"},"author":{"name":"Imma Mestre","@id":"https:\/\/old.immamestre.com\/#\/schema\/person\/f649c9039586af566b698906bc9da076"},"headline":"Receta ilustrada de helado de chocolate, casero, sano y 100% natural","datePublished":"2016-09-01T03:30:48+00:00","dateModified":"2018-07-12T08:42:37+00:00","mainEntityOfPage":{"@id":"https:\/\/old.immamestre.com\/recepta-il%c2%b7lustrada-gelat-xocolata-casola-sa-i-100-natural\/"},"wordCount":977,"commentCount":3,"publisher":{"@id":"https:\/\/old.immamestre.com\/#\/schema\/person\/f649c9039586af566b698906bc9da076"},"image":{"@id":"https:\/\/old.immamestre.com\/recepta-il%c2%b7lustrada-gelat-xocolata-casola-sa-i-100-natural\/#primaryimage"},"thumbnailUrl":"https:\/\/old.immamestre.com\/wp-content\/uploads\/2016\/08\/Portada-recepta-ilustrada-gelat-xocoalata_ImmaMestre.jpg","keywords":["chocolate","gelat","helado","recepta","receta","xocolata"],"articleSection":["Recetas ilustradas"],"inLanguage":"es","potentialAction":[{"@type":"CommentAction","name":"Comment","target":["https:\/\/old.immamestre.com\/recepta-il%c2%b7lustrada-gelat-xocolata-casola-sa-i-100-natural\/#respond"]}]},{"@type":"WebPage","@id":"https:\/\/old.immamestre.com\/recepta-il%c2%b7lustrada-gelat-xocolata-casola-sa-i-100-natural\/","url":"https:\/\/old.immamestre.com\/recepta-il%c2%b7lustrada-gelat-xocolata-casola-sa-i-100-natural\/","name":"Recepta il\u00b7lustrada de gelat de xocolata, casol\u00e0, sa i 100% natural","isPartOf":{"@id":"https:\/\/old.immamestre.com\/#website"},"primaryImageOfPage":{"@id":"https:\/\/old.immamestre.com\/recepta-il%c2%b7lustrada-gelat-xocolata-casola-sa-i-100-natural\/#primaryimage"},"image":{"@id":"https:\/\/old.immamestre.com\/recepta-il%c2%b7lustrada-gelat-xocolata-casola-sa-i-100-natural\/#primaryimage"},"thumbnailUrl":"https:\/\/old.immamestre.com\/wp-content\/uploads\/2016\/08\/Portada-recepta-ilustrada-gelat-xocoalata_ImmaMestre.jpg","datePublished":"2016-09-01T03:30:48+00:00","dateModified":"2018-07-12T08:42:37+00:00","description":"Recepta il\u00b7lustrada sobre el pas a pas de com fer gelat de xocolata de manera casolana, sana i 100% natural il\u00b7lustrada per l'Imma Mestre","breadcrumb":{"@id":"https:\/\/old.immamestre.com\/recepta-il%c2%b7lustrada-gelat-xocolata-casola-sa-i-100-natural\/#breadcrumb"},"inLanguage":"es","potentialAction":[{"@type":"ReadAction","target":["https:\/\/old.immamestre.com\/recepta-il%c2%b7lustrada-gelat-xocolata-casola-sa-i-100-natural\/"]}]},{"@type":"ImageObject","inLanguage":"es","@id":"https:\/\/old.immamestre.com\/recepta-il%c2%b7lustrada-gelat-xocolata-casola-sa-i-100-natural\/#primaryimage","url":"https:\/\/old.immamestre.com\/wp-content\/uploads\/2016\/08\/Portada-recepta-ilustrada-gelat-xocoalata_ImmaMestre.jpg","contentUrl":"https:\/\/old.immamestre.com\/wp-content\/uploads\/2016\/08\/Portada-recepta-ilustrada-gelat-xocoalata_ImmaMestre.jpg","width":750,"height":750,"caption":"Portada per a la recepta il\u00b7lustrada de gelat de xocolata"},{"@type":"BreadcrumbList","@id":"https:\/\/old.immamestre.com\/recepta-il%c2%b7lustrada-gelat-xocolata-casola-sa-i-100-natural\/#breadcrumb","itemListElement":[{"@type":"ListItem","position":1,"name":"Home","item":"https:\/\/old.immamestre.com\/"},{"@type":"ListItem","position":2,"name":"Receta ilustrada de helado de chocolate, casero, sano y 100% natural"}]},{"@type":"WebSite","@id":"https:\/\/old.immamestre.com\/#website","url":"https:\/\/old.immamestre.com\/","name":"Imma Mestre | Ilustraci\u00f3n","description":"ilustraci\u00f3n","publisher":{"@id":"https:\/\/old.immamestre.com\/#\/schema\/person\/f649c9039586af566b698906bc9da076"},"potentialAction":[{"@type":"SearchAction","target":{"@type":"EntryPoint","urlTemplate":"https:\/\/old.immamestre.com\/?s={search_term_string}"},"query-input":{"@type":"PropertyValueSpecification","valueRequired":true,"valueName":"search_term_string"}}],"inLanguage":"es"},{"@type":["Person","Organization"],"@id":"https:\/\/old.immamestre.com\/#\/schema\/person\/f649c9039586af566b698906bc9da076","name":"Imma Mestre","image":{"@type":"ImageObject","inLanguage":"es","@id":"https:\/\/old.immamestre.com\/#\/schema\/person\/image\/","url":"https:\/\/secure.gravatar.com\/avatar\/fe9530742331fb8e4cb4de875d82303426947d472e41eb783b6dc62694aa6aff?s=96&d=mm&r=g","contentUrl":"https:\/\/secure.gravatar.com\/avatar\/fe9530742331fb8e4cb4de875d82303426947d472e41eb783b6dc62694aa6aff?s=96&d=mm&r=g","caption":"Imma Mestre"},"logo":{"@id":"https:\/\/old.immamestre.com\/#\/schema\/person\/image\/"},"description":"Hola soy Imma. Ilustradora. Hablo a trav\u00e9s de ilustraciones. Dame un l\u00e1piz y pinto tu mundo con historias ilustradas que te har\u00e1n despuntar.","sameAs":["https:\/\/www.immamestre.com"],"url":"https:\/\/old.immamestre.com\/es\/author\/alpha\/"}]}},"_links":{"self":[{"href":"https:\/\/old.immamestre.com\/es\/wp-json\/wp\/v2\/posts\/5584","targetHints":{"allow":["GET"]}}],"collection":[{"href":"https:\/\/old.immamestre.com\/es\/wp-json\/wp\/v2\/posts"}],"about":[{"href":"https:\/\/old.immamestre.com\/es\/wp-json\/wp\/v2\/types\/post"}],"author":[{"embeddable":true,"href":"https:\/\/old.immamestre.com\/es\/wp-json\/wp\/v2\/users\/1"}],"replies":[{"embeddable":true,"href":"https:\/\/old.immamestre.com\/es\/wp-json\/wp\/v2\/comments?post=5584"}],"version-history":[{"count":8,"href":"https:\/\/old.immamestre.com\/es\/wp-json\/wp\/v2\/posts\/5584\/revisions"}],"predecessor-version":[{"id":10103,"href":"https:\/\/old.immamestre.com\/es\/wp-json\/wp\/v2\/posts\/5584\/revisions\/10103"}],"wp:featuredmedia":[{"embeddable":true,"href":"https:\/\/old.immamestre.com\/es\/wp-json\/wp\/v2\/media\/5590"}],"wp:attachment":[{"href":"https:\/\/old.immamestre.com\/es\/wp-json\/wp\/v2\/media?parent=5584"}],"wp:term":[{"taxonomy":"category","embeddable":true,"href":"https:\/\/old.immamestre.com\/es\/wp-json\/wp\/v2\/categories?post=5584"},{"taxonomy":"post_tag","embeddable":true,"href":"https:\/\/old.immamestre.com\/es\/wp-json\/wp\/v2\/tags?post=5584"}],"curies":[{"name":"wp","href":"https:\/\/api.w.org\/{rel}","templated":true}]}}