{"id":5511,"date":"2016-08-16T10:47:10","date_gmt":"2016-08-16T08:47:10","guid":{"rendered":"http:\/\/www.immamestre.com\/?p=5511"},"modified":"2018-07-12T11:27:39","modified_gmt":"2018-07-12T09:27:39","slug":"granissat-llimona","status":"publish","type":"post","link":"https:\/\/old.immamestre.com\/es\/granissat-llimona\/","title":{"rendered":"Granizado de lim\u00f3n: receta ilustrada, paso a paso de forma sencilla"},"content":{"rendered":"<p>[et_pb_section bb_built=\u00bb1&#8243;][et_pb_row][et_pb_column type=\u00bb4_4&#8243;][et_pb_text _builder_version=\u00bb3.9&#8243;]<\/p>\n<p>\u00a1Con lo que nos hemos llegado a quejar, a finales de primavera, porqu\u00e9 el verano no llegaba! Al final lleg\u00f3 y lo hizo con fuerza. Pero no te preocupes si no soportas este calor. <strong>Tengo la soluci\u00f3n para pasar un rato\u00a0refrescante, saludable y natural: el granizado\u00a0de lim\u00f3n.<\/strong><\/p>\n<p>\u00bfQuieres saber c\u00f3mo hacerlo? Te lo explico claro y gr\u00e1ficamente.<\/p>\n<p>[\/et_pb_text][et_pb_image _builder_version=\u00bb3.9&#8243; src=\u00bbhttps:\/\/old.immamestre.com\/wp-content\/uploads\/2016\/08\/20150605-Recepta-granissat-llimona.jpg\u00bb \/][et_pb_text admin_label=\u00bbTexto despedida\u00bb _builder_version=\u00bb3.9&#8243;]<\/p>\n<p><span id=\"result_box\" class=\"\" lang=\"es\">No es ning\u00fan secreto, el <strong>granizado de lim\u00f3n<\/strong>, <a href=\"https:\/\/old.immamestre.com\/gelat-xocolata\/\">junto con el helado<\/a>, es ideal <strong>para combatir las altas temperaturas de verano.<\/strong>\u00a0Esta receta es tan sencilla\u00a0de hacer y tan refrescante, que merece la pena.<\/span><\/p>\n<p>\u00a1Buen provecho y a refrescar-se!<\/p>\n<p><img loading=\"lazy\" decoding=\"async\" class=\"alignleft wp-image-5217\" src=\"http:\/\/www.immamestre.com\/wp-content\/uploads\/2016\/06\/Signatura-posts-ImmaMestre2016.jpg\" alt=\"Signatura-posts-ImmaMestre2016\" width=\"90\" height=\"37\" srcset=\"https:\/\/old.immamestre.com\/wp-content\/uploads\/2016\/06\/Signatura-posts-ImmaMestre2016.jpg 170w, https:\/\/old.immamestre.com\/wp-content\/uploads\/2016\/06\/Signatura-posts-ImmaMestre2016-150x62.jpg 150w\" sizes=\"(max-width: 90px) 100vw, 90px\" \/><\/p>\n<p>[\/et_pb_text][\/et_pb_column][\/et_pb_row][et_pb_row][et_pb_column type=\u00bb4_4&#8243;][et_pb_toggle _builder_version=\u00bb3.9&#8243; title=\u00bb%91Traducci\u00f3 en catal\u00e0%93&#8243; icon_color=\u00bb#ed8b00&#8243; closed_toggle_text_color=\u00bb#ed8b00&#8243; closed_toggle_background_color=\u00bbrgba(237,139,0,0.05)\u00bb title_text_color=\u00bb#ed8b00&#8243; border_color_all=\u00bb#ed8b00&#8243;]<\/p>\n<p>Amb el que ens hem arribat a queixar, a finals de primavera, perqu\u00e8 l&#8217;estiu no arribava! Al final ha arribat i ho ha fet amb for\u00e7a. Per\u00f2 no et preocupis si no suportes aquesta calor. Tinc <strong>la soluci\u00f3 per passar una estona refrescant, saludable i natural: el granissat de llimona.<\/strong><\/p>\n<p>Vols saber com fer-lo a casa teva? A la recepte de m\u00e9s amunt t&#8217;ho explico clar i gr\u00e0ficament.<\/p>\n<p>No \u00e9s cap secret que el <strong>granissat de llimona<\/strong>,\u00a0<a href=\"https:\/\/old.immamestre.com\/gelat-xocolata\/\">juntament amb el gelat<\/a>, \u00e9s ideal <strong>per combatre les altes temperatures d&#8217;estiu.<\/strong>\u00a0Aquesta<span id=\"result_box\" class=\"\" lang=\"ca\"><span class=\"\">\u00a0recepta tan<\/span> <span class=\"\">senzilla de<\/span> <span class=\"\">fer i<\/span> <span class=\"\">tant<\/span> <span class=\"\">refrescant<\/span> que val la <span class=\"\">pena<\/span><\/span><span id=\"result_box\" class=\"\" lang=\"ca\"><span class=\"\">.<\/span><\/span><\/p>\n<p>Bon profit i a refrescar-se!<\/p>\n<p><img loading=\"lazy\" decoding=\"async\" class=\"alignnone wp-image-5217\" src=\"https:\/\/old.immamestre.com\/wp-content\/uploads\/2016\/06\/Signatura-posts-ImmaMestre2016.jpg\" alt=\"Signatura-posts-ImmaMestre2016\" width=\"90\" height=\"37\" srcset=\"https:\/\/old.immamestre.com\/wp-content\/uploads\/2016\/06\/Signatura-posts-ImmaMestre2016.jpg 170w, https:\/\/old.immamestre.com\/wp-content\/uploads\/2016\/06\/Signatura-posts-ImmaMestre2016-150x62.jpg 150w\" sizes=\"(max-width: 90px) 100vw, 90px\" \/><\/p>\n<p>[\/et_pb_toggle][\/et_pb_column][\/et_pb_row][\/et_pb_section]<\/p>\n","protected":false},"excerpt":{"rendered":"<p><div class=\"et_pb_row et_pb_row_0 et_pb_row_empty\">\n\t\t\t\t\n\t\t\t\t\n\t\t\t\t\n\t\t\t\t\n\t\t\t\t\n\t\t\t<\/div> \u00a1Con lo que nos hemos llegado a quejar, a finales de primavera, porqu\u00e9 el verano no llegaba! Al final lleg\u00f3 y lo hizo con fuerza. Pero no te preocupes si no soportas este calor. Tengo la soluci\u00f3n para pasar un rato\u00a0refrescante, saludable y natural: el granizado\u00a0de lim\u00f3n. \u00bfQuieres saber c\u00f3mo hacerlo? Te lo explico [&hellip;]<\/p>\n","protected":false},"author":1,"featured_media":5512,"comment_status":"open","ping_status":"closed","sticky":false,"template":"","format":"standard","meta":{"_et_pb_use_builder":"on","_et_pb_old_content":"<p><br \/>A partir del 15 d'agost els dies es comencen a fer m\u00e9s curts i sovint comencen els dies inestables. Per\u00f2 si vols que et digui la veritat, la calor no disminueix. Per aquesta setmana, els meteor\u00f2legs han pronosticat canvis de temps a mitjans de setmana, per\u00f2 mentre no arriba, tinc la soluci\u00f3 per passar una estona <strong>refrescant, saludable i natural bevent granissat de llimona.<\/strong><\/p><p>No \u00e9s cap secret que el <strong>granissat de llimona<\/strong>, juntament amb el gelat, \u00e9s ideal <strong>per combatre les altes temperatures d'estiu.<\/strong> <span id=\"result_box\" class=\"\" lang=\"ca\"><span class=\"\">Si em<\/span> <span class=\"\">segueixes<\/span> <span class=\"\">des de fa<\/span> <span class=\"\">temps<\/span><span class=\"\">, sabr\u00e0s<\/span> <span class=\"\">que \u00e9s <\/span><\/span>una <a href=\"http:\/\/immamestrecunillera.blogspot.com.es\/2015\/07\/granissat-de-llimona.html\" target=\"_blank\" rel=\"noopener\">recepta que ja vaig publicar<\/a> l'any passat<span id=\"result_box\" class=\"\" lang=\"ca\">, <span class=\"\">per\u00f2<\/span> <span class=\"\">\u00e9s<\/span> <span class=\"\">que \u00e9s una recepta tan<\/span> <span class=\"\">senzilla de<\/span> <span class=\"\">fer i<\/span> <span class=\"\">tant<\/span> <span class=\"\">refrescant<\/span> que val la <span class=\"\">pena.<\/span><\/span> <span id=\"result_box\" class=\"\" lang=\"ca\"><span class=\"\">Ja<\/span> <span class=\"\">em<\/span> <span class=\"\">perdonar\u00e0s<\/span> <span class=\"\">si em<\/span> <span class=\"\">faig<\/span> <span class=\"\">repetitiva<\/span> mostrant-te <span class=\"\">la meva particular<\/span> recepta <span class=\"\">il\u00b7lustrada de<\/span> <span class=\"\">granissat de<\/span> <span class=\"\">llimona.<\/span><\/span><\/p><p>Anem per la recepta:<\/p><h2>Com fer granissat de llimona pas a pas de manera f\u00e0cil<\/h2><p><img class=\"size-full wp-image-5513\" src=\"http:\/\/www.immamestre.com\/wp-content\/uploads\/2016\/08\/20150605-Recepta-granissat-llimona.jpg\" alt=\"recepta il\u00b7lustrada per Imma Mestre de granissat de llimona\" width=\"850\" height=\"1594\" \/><br \/>Bon profit i a refrescar-se!<\/p><p><span id=\"result_box\" class=\"\" lang=\"es\"><span class=\"\">-----<\/span><\/span><\/p><p><span id=\"result_box\" class=\"\" lang=\"es\"><span class=\"\">[CAST]<\/span><\/span><\/p><h2><span id=\"result_box\" class=\"\" lang=\"es\"><span class=\"\">Granizado de lim\u00f3n: receta ilustrada paso a paso de manera sencilla.<\/span><\/span><\/h2><p><span id=\"result_box\" class=\"\" lang=\"es\">A partir del 15 de agosto los d\u00edas se empiezan a hacer m\u00e1s cortos y a menudo <span class=\"\">comienzan los<\/span> d\u00edas <span class=\"\">inestables.<\/span> Pero si quieres que te diga <span class=\"\">la verdad,<\/span> <span class=\"\">el calor no<\/span> disminuye. Para esta semana, los meteor\u00f3logos han pronosticado cambios de tiempo a mediados de semana<span class=\"\">, pero mientras<\/span> no llega, tengo la soluci\u00f3n para pasar un rato <strong>refrescante, saludable y natural bebiendo granizado <span class=\"\">de lim\u00f3n.<\/span><\/strong><\/span><\/p><p><span id=\"result_box\" class=\"\" lang=\"es\">No es ning\u00fan secreto, el <strong>granizado de lim\u00f3n<\/strong>, junto con el helado, es ideal <strong>para combatir las altas temperaturas de verano.<\/strong> Si me sigues desde hace tiempo, sabr\u00e1s que es una <a href=\"http:\/\/immamestrecunillera.blogspot.com.es\/2015\/07\/granissat-de-llimona.html\" target=\"_blank\" rel=\"noopener\">receta que ya publiqu\u00e9<\/a> el a\u00f1o pasado, pero es que es tan sencillo de hacer y tant refrescante que merece la pena. Ya me perdonar\u00e1s si me hago repetitiva mostr\u00e1ndote <span class=\"\">mi particular<\/span> receta ilustrada de granizado de lim\u00f3n.<br \/><\/span><\/p><p>\u00a1Buen provecho y a refrescar-se!<\/p>","_et_gb_content_width":"","_monsterinsights_skip_tracking":false,"_monsterinsights_sitenote_active":false,"_monsterinsights_sitenote_note":"","_monsterinsights_sitenote_category":0,"footnotes":""},"categories":[217,241],"tags":[335,332,336,339,333,334,338,337],"class_list":["post-5511","post","type-post","status-publish","format-standard","has-post-thumbnail","hentry","category-blog","category-recetas-ilustradas","tag-estiu","tag-granissat","tag-granizado","tag-limon","tag-llimona","tag-refrescant","tag-refrescante","tag-verano"],"yoast_head":"<!-- This site is optimized with the Yoast SEO plugin v26.1.1 - https:\/\/yoast.com\/wordpress\/plugins\/seo\/ -->\n<title>Granissat de llimona: recepta il\u00b7lustrada per combatre la calor<\/title>\n<meta name=\"description\" content=\"Com fer granissat de llimona per combatre la calor, pas a pas mitjan\u00e7ant les il\u00b7lustracions de l&#039;Imma Mestre a trav\u00e9s d&#039;aquesta recepta il\u00b7lustrada.\" \/>\n<meta name=\"robots\" content=\"index, follow, max-snippet:-1, max-image-preview:large, max-video-preview:-1\" \/>\n<link rel=\"canonical\" href=\"https:\/\/old.immamestre.com\/es\/granissat-llimona\/\" \/>\n<meta property=\"og:locale\" content=\"es_ES\" \/>\n<meta property=\"og:type\" content=\"article\" \/>\n<meta property=\"og:title\" content=\"Granissat de llimona: recepta il\u00b7lustrada per combatre la calor\" \/>\n<meta property=\"og:description\" content=\"Com fer granissat de llimona per combatre la calor, pas a pas mitjan\u00e7ant les il\u00b7lustracions de l&#039;Imma Mestre a trav\u00e9s d&#039;aquesta recepta il\u00b7lustrada.\" \/>\n<meta property=\"og:url\" content=\"https:\/\/old.immamestre.com\/es\/granissat-llimona\/\" \/>\n<meta property=\"og:site_name\" content=\"Imma Mestre | Ilustraci\u00f3n\" \/>\n<meta property=\"article:published_time\" content=\"2016-08-16T08:47:10+00:00\" \/>\n<meta property=\"article:modified_time\" content=\"2018-07-12T09:27:39+00:00\" \/>\n<meta property=\"og:image\" content=\"https:\/\/old.immamestre.com\/wp-content\/uploads\/2016\/08\/20150605-Recepta-granissat-llimona_Blog2016.jpg\" \/>\n\t<meta property=\"og:image:width\" content=\"890\" \/>\n\t<meta property=\"og:image:height\" content=\"890\" \/>\n\t<meta property=\"og:image:type\" content=\"image\/jpeg\" \/>\n<meta name=\"author\" content=\"Imma Mestre\" \/>\n<meta name=\"twitter:label1\" content=\"Escrito por\" \/>\n\t<meta name=\"twitter:data1\" content=\"Imma Mestre\" \/>\n\t<meta name=\"twitter:label2\" content=\"Tiempo de lectura\" \/>\n\t<meta name=\"twitter:data2\" content=\"2 minutos\" \/>\n<script type=\"application\/ld+json\" class=\"yoast-schema-graph\">{\"@context\":\"https:\/\/schema.org\",\"@graph\":[{\"@type\":\"Article\",\"@id\":\"https:\/\/old.immamestre.com\/es\/granissat-llimona\/#article\",\"isPartOf\":{\"@id\":\"https:\/\/old.immamestre.com\/es\/granissat-llimona\/\"},\"author\":{\"name\":\"Imma Mestre\",\"@id\":\"https:\/\/old.immamestre.com\/#\/schema\/person\/f649c9039586af566b698906bc9da076\"},\"headline\":\"Granizado de lim\u00f3n: receta ilustrada, paso a paso de forma sencilla\",\"datePublished\":\"2016-08-16T08:47:10+00:00\",\"dateModified\":\"2018-07-12T09:27:39+00:00\",\"mainEntityOfPage\":{\"@id\":\"https:\/\/old.immamestre.com\/es\/granissat-llimona\/\"},\"wordCount\":335,\"commentCount\":2,\"publisher\":{\"@id\":\"https:\/\/old.immamestre.com\/#\/schema\/person\/f649c9039586af566b698906bc9da076\"},\"image\":{\"@id\":\"https:\/\/old.immamestre.com\/es\/granissat-llimona\/#primaryimage\"},\"thumbnailUrl\":\"https:\/\/old.immamestre.com\/wp-content\/uploads\/2016\/08\/20150605-Recepta-granissat-llimona_Blog2016.jpg\",\"keywords\":[\"estiu\",\"granissat\",\"granizado\",\"lim\u00f3n\",\"llimona\",\"refrescant\",\"refrescante\",\"verano\"],\"articleSection\":[\"Blog\",\"Recetas ilustradas\"],\"inLanguage\":\"es\",\"potentialAction\":[{\"@type\":\"CommentAction\",\"name\":\"Comment\",\"target\":[\"https:\/\/old.immamestre.com\/es\/granissat-llimona\/#respond\"]}]},{\"@type\":\"WebPage\",\"@id\":\"https:\/\/old.immamestre.com\/es\/granissat-llimona\/\",\"url\":\"https:\/\/old.immamestre.com\/es\/granissat-llimona\/\",\"name\":\"Granissat de llimona: recepta il\u00b7lustrada per combatre la calor\",\"isPartOf\":{\"@id\":\"https:\/\/old.immamestre.com\/#website\"},\"primaryImageOfPage\":{\"@id\":\"https:\/\/old.immamestre.com\/es\/granissat-llimona\/#primaryimage\"},\"image\":{\"@id\":\"https:\/\/old.immamestre.com\/es\/granissat-llimona\/#primaryimage\"},\"thumbnailUrl\":\"https:\/\/old.immamestre.com\/wp-content\/uploads\/2016\/08\/20150605-Recepta-granissat-llimona_Blog2016.jpg\",\"datePublished\":\"2016-08-16T08:47:10+00:00\",\"dateModified\":\"2018-07-12T09:27:39+00:00\",\"description\":\"Com fer granissat de llimona per combatre la calor, pas a pas mitjan\u00e7ant les il\u00b7lustracions de l'Imma Mestre a trav\u00e9s d'aquesta recepta il\u00b7lustrada.\",\"breadcrumb\":{\"@id\":\"https:\/\/old.immamestre.com\/es\/granissat-llimona\/#breadcrumb\"},\"inLanguage\":\"es\",\"potentialAction\":[{\"@type\":\"ReadAction\",\"target\":[\"https:\/\/old.immamestre.com\/es\/granissat-llimona\/\"]}]},{\"@type\":\"ImageObject\",\"inLanguage\":\"es\",\"@id\":\"https:\/\/old.immamestre.com\/es\/granissat-llimona\/#primaryimage\",\"url\":\"https:\/\/old.immamestre.com\/wp-content\/uploads\/2016\/08\/20150605-Recepta-granissat-llimona_Blog2016.jpg\",\"contentUrl\":\"https:\/\/old.immamestre.com\/wp-content\/uploads\/2016\/08\/20150605-Recepta-granissat-llimona_Blog2016.jpg\",\"width\":890,\"height\":890,\"caption\":\"Portada entrada blog recepta il\u00b7Lustrada de granissat de llimona\"},{\"@type\":\"BreadcrumbList\",\"@id\":\"https:\/\/old.immamestre.com\/es\/granissat-llimona\/#breadcrumb\",\"itemListElement\":[{\"@type\":\"ListItem\",\"position\":1,\"name\":\"Home\",\"item\":\"https:\/\/old.immamestre.com\/\"},{\"@type\":\"ListItem\",\"position\":2,\"name\":\"Granizado de lim\u00f3n: receta ilustrada, paso a paso de forma sencilla\"}]},{\"@type\":\"WebSite\",\"@id\":\"https:\/\/old.immamestre.com\/#website\",\"url\":\"https:\/\/old.immamestre.com\/\",\"name\":\"Imma Mestre | Ilustraci\u00f3n\",\"description\":\"ilustraci\u00f3n\",\"publisher\":{\"@id\":\"https:\/\/old.immamestre.com\/#\/schema\/person\/f649c9039586af566b698906bc9da076\"},\"potentialAction\":[{\"@type\":\"SearchAction\",\"target\":{\"@type\":\"EntryPoint\",\"urlTemplate\":\"https:\/\/old.immamestre.com\/?s={search_term_string}\"},\"query-input\":{\"@type\":\"PropertyValueSpecification\",\"valueRequired\":true,\"valueName\":\"search_term_string\"}}],\"inLanguage\":\"es\"},{\"@type\":[\"Person\",\"Organization\"],\"@id\":\"https:\/\/old.immamestre.com\/#\/schema\/person\/f649c9039586af566b698906bc9da076\",\"name\":\"Imma Mestre\",\"image\":{\"@type\":\"ImageObject\",\"inLanguage\":\"es\",\"@id\":\"https:\/\/old.immamestre.com\/#\/schema\/person\/image\/\",\"url\":\"https:\/\/secure.gravatar.com\/avatar\/fe9530742331fb8e4cb4de875d82303426947d472e41eb783b6dc62694aa6aff?s=96&d=mm&r=g\",\"contentUrl\":\"https:\/\/secure.gravatar.com\/avatar\/fe9530742331fb8e4cb4de875d82303426947d472e41eb783b6dc62694aa6aff?s=96&d=mm&r=g\",\"caption\":\"Imma Mestre\"},\"logo\":{\"@id\":\"https:\/\/old.immamestre.com\/#\/schema\/person\/image\/\"},\"description\":\"Hola soy Imma. Ilustradora. Hablo a trav\u00e9s de ilustraciones. Dame un l\u00e1piz y pinto tu mundo con historias ilustradas que te har\u00e1n despuntar.\",\"sameAs\":[\"https:\/\/www.immamestre.com\"],\"url\":\"https:\/\/old.immamestre.com\/es\/author\/alpha\/\"}]}<\/script>\n<!-- \/ Yoast SEO plugin. -->","yoast_head_json":{"title":"Granissat de llimona: recepta il\u00b7lustrada per combatre la calor","description":"Com fer granissat de llimona per combatre la calor, pas a pas mitjan\u00e7ant les il\u00b7lustracions de l'Imma Mestre a trav\u00e9s d'aquesta recepta il\u00b7lustrada.","robots":{"index":"index","follow":"follow","max-snippet":"max-snippet:-1","max-image-preview":"max-image-preview:large","max-video-preview":"max-video-preview:-1"},"canonical":"https:\/\/old.immamestre.com\/es\/granissat-llimona\/","og_locale":"es_ES","og_type":"article","og_title":"Granissat de llimona: recepta il\u00b7lustrada per combatre la calor","og_description":"Com fer granissat de llimona per combatre la calor, pas a pas mitjan\u00e7ant les il\u00b7lustracions de l'Imma Mestre a trav\u00e9s d'aquesta recepta il\u00b7lustrada.","og_url":"https:\/\/old.immamestre.com\/es\/granissat-llimona\/","og_site_name":"Imma Mestre | Ilustraci\u00f3n","article_published_time":"2016-08-16T08:47:10+00:00","article_modified_time":"2018-07-12T09:27:39+00:00","og_image":[{"width":890,"height":890,"url":"https:\/\/old.immamestre.com\/wp-content\/uploads\/2016\/08\/20150605-Recepta-granissat-llimona_Blog2016.jpg","type":"image\/jpeg"}],"author":"Imma Mestre","twitter_misc":{"Escrito por":"Imma Mestre","Tiempo de lectura":"2 minutos"},"schema":{"@context":"https:\/\/schema.org","@graph":[{"@type":"Article","@id":"https:\/\/old.immamestre.com\/es\/granissat-llimona\/#article","isPartOf":{"@id":"https:\/\/old.immamestre.com\/es\/granissat-llimona\/"},"author":{"name":"Imma Mestre","@id":"https:\/\/old.immamestre.com\/#\/schema\/person\/f649c9039586af566b698906bc9da076"},"headline":"Granizado de lim\u00f3n: receta ilustrada, paso a paso de forma sencilla","datePublished":"2016-08-16T08:47:10+00:00","dateModified":"2018-07-12T09:27:39+00:00","mainEntityOfPage":{"@id":"https:\/\/old.immamestre.com\/es\/granissat-llimona\/"},"wordCount":335,"commentCount":2,"publisher":{"@id":"https:\/\/old.immamestre.com\/#\/schema\/person\/f649c9039586af566b698906bc9da076"},"image":{"@id":"https:\/\/old.immamestre.com\/es\/granissat-llimona\/#primaryimage"},"thumbnailUrl":"https:\/\/old.immamestre.com\/wp-content\/uploads\/2016\/08\/20150605-Recepta-granissat-llimona_Blog2016.jpg","keywords":["estiu","granissat","granizado","lim\u00f3n","llimona","refrescant","refrescante","verano"],"articleSection":["Blog","Recetas ilustradas"],"inLanguage":"es","potentialAction":[{"@type":"CommentAction","name":"Comment","target":["https:\/\/old.immamestre.com\/es\/granissat-llimona\/#respond"]}]},{"@type":"WebPage","@id":"https:\/\/old.immamestre.com\/es\/granissat-llimona\/","url":"https:\/\/old.immamestre.com\/es\/granissat-llimona\/","name":"Granissat de llimona: recepta il\u00b7lustrada per combatre la calor","isPartOf":{"@id":"https:\/\/old.immamestre.com\/#website"},"primaryImageOfPage":{"@id":"https:\/\/old.immamestre.com\/es\/granissat-llimona\/#primaryimage"},"image":{"@id":"https:\/\/old.immamestre.com\/es\/granissat-llimona\/#primaryimage"},"thumbnailUrl":"https:\/\/old.immamestre.com\/wp-content\/uploads\/2016\/08\/20150605-Recepta-granissat-llimona_Blog2016.jpg","datePublished":"2016-08-16T08:47:10+00:00","dateModified":"2018-07-12T09:27:39+00:00","description":"Com fer granissat de llimona per combatre la calor, pas a pas mitjan\u00e7ant les il\u00b7lustracions de l'Imma Mestre a trav\u00e9s d'aquesta recepta il\u00b7lustrada.","breadcrumb":{"@id":"https:\/\/old.immamestre.com\/es\/granissat-llimona\/#breadcrumb"},"inLanguage":"es","potentialAction":[{"@type":"ReadAction","target":["https:\/\/old.immamestre.com\/es\/granissat-llimona\/"]}]},{"@type":"ImageObject","inLanguage":"es","@id":"https:\/\/old.immamestre.com\/es\/granissat-llimona\/#primaryimage","url":"https:\/\/old.immamestre.com\/wp-content\/uploads\/2016\/08\/20150605-Recepta-granissat-llimona_Blog2016.jpg","contentUrl":"https:\/\/old.immamestre.com\/wp-content\/uploads\/2016\/08\/20150605-Recepta-granissat-llimona_Blog2016.jpg","width":890,"height":890,"caption":"Portada entrada blog recepta il\u00b7Lustrada de granissat de llimona"},{"@type":"BreadcrumbList","@id":"https:\/\/old.immamestre.com\/es\/granissat-llimona\/#breadcrumb","itemListElement":[{"@type":"ListItem","position":1,"name":"Home","item":"https:\/\/old.immamestre.com\/"},{"@type":"ListItem","position":2,"name":"Granizado de lim\u00f3n: receta ilustrada, paso a paso de forma sencilla"}]},{"@type":"WebSite","@id":"https:\/\/old.immamestre.com\/#website","url":"https:\/\/old.immamestre.com\/","name":"Imma Mestre | Ilustraci\u00f3n","description":"ilustraci\u00f3n","publisher":{"@id":"https:\/\/old.immamestre.com\/#\/schema\/person\/f649c9039586af566b698906bc9da076"},"potentialAction":[{"@type":"SearchAction","target":{"@type":"EntryPoint","urlTemplate":"https:\/\/old.immamestre.com\/?s={search_term_string}"},"query-input":{"@type":"PropertyValueSpecification","valueRequired":true,"valueName":"search_term_string"}}],"inLanguage":"es"},{"@type":["Person","Organization"],"@id":"https:\/\/old.immamestre.com\/#\/schema\/person\/f649c9039586af566b698906bc9da076","name":"Imma Mestre","image":{"@type":"ImageObject","inLanguage":"es","@id":"https:\/\/old.immamestre.com\/#\/schema\/person\/image\/","url":"https:\/\/secure.gravatar.com\/avatar\/fe9530742331fb8e4cb4de875d82303426947d472e41eb783b6dc62694aa6aff?s=96&d=mm&r=g","contentUrl":"https:\/\/secure.gravatar.com\/avatar\/fe9530742331fb8e4cb4de875d82303426947d472e41eb783b6dc62694aa6aff?s=96&d=mm&r=g","caption":"Imma Mestre"},"logo":{"@id":"https:\/\/old.immamestre.com\/#\/schema\/person\/image\/"},"description":"Hola soy Imma. Ilustradora. Hablo a trav\u00e9s de ilustraciones. Dame un l\u00e1piz y pinto tu mundo con historias ilustradas que te har\u00e1n despuntar.","sameAs":["https:\/\/www.immamestre.com"],"url":"https:\/\/old.immamestre.com\/es\/author\/alpha\/"}]}},"_links":{"self":[{"href":"https:\/\/old.immamestre.com\/es\/wp-json\/wp\/v2\/posts\/5511","targetHints":{"allow":["GET"]}}],"collection":[{"href":"https:\/\/old.immamestre.com\/es\/wp-json\/wp\/v2\/posts"}],"about":[{"href":"https:\/\/old.immamestre.com\/es\/wp-json\/wp\/v2\/types\/post"}],"author":[{"embeddable":true,"href":"https:\/\/old.immamestre.com\/es\/wp-json\/wp\/v2\/users\/1"}],"replies":[{"embeddable":true,"href":"https:\/\/old.immamestre.com\/es\/wp-json\/wp\/v2\/comments?post=5511"}],"version-history":[{"count":9,"href":"https:\/\/old.immamestre.com\/es\/wp-json\/wp\/v2\/posts\/5511\/revisions"}],"predecessor-version":[{"id":10109,"href":"https:\/\/old.immamestre.com\/es\/wp-json\/wp\/v2\/posts\/5511\/revisions\/10109"}],"wp:featuredmedia":[{"embeddable":true,"href":"https:\/\/old.immamestre.com\/es\/wp-json\/wp\/v2\/media\/5512"}],"wp:attachment":[{"href":"https:\/\/old.immamestre.com\/es\/wp-json\/wp\/v2\/media?parent=5511"}],"wp:term":[{"taxonomy":"category","embeddable":true,"href":"https:\/\/old.immamestre.com\/es\/wp-json\/wp\/v2\/categories?post=5511"},{"taxonomy":"post_tag","embeddable":true,"href":"https:\/\/old.immamestre.com\/es\/wp-json\/wp\/v2\/tags?post=5511"}],"curies":[{"name":"wp","href":"https:\/\/api.w.org\/{rel}","templated":true}]}}