{"id":5273,"date":"2016-07-28T00:02:34","date_gmt":"2016-07-27T22:02:34","guid":{"rendered":"http:\/\/www.immamestre.com\/?p=5273"},"modified":"2016-08-18T08:14:29","modified_gmt":"2016-08-18T06:14:29","slug":"ruta-per-escocia","status":"publish","type":"post","link":"https:\/\/old.immamestre.com\/es\/ruta-per-escocia\/","title":{"rendered":"La ruta per Esc\u00f2cia que t&#8217;atrapar\u00e0"},"content":{"rendered":"<p><img loading=\"lazy\" decoding=\"async\" class=\"size-full wp-image-5298 aligncenter\" src=\"http:\/\/www.immamestre.com\/wp-content\/uploads\/2016\/07\/20160728_Entrada-post-ruta-Escocia_ImmaMestre.jpg\" alt=\"portadeta del post sobre la ruta d'Esc\u00f2cia que t'atrapar\u00e0\" width=\"890\" height=\"890\" srcset=\"https:\/\/old.immamestre.com\/wp-content\/uploads\/2016\/07\/20160728_Entrada-post-ruta-Escocia_ImmaMestre.jpg 890w, https:\/\/old.immamestre.com\/wp-content\/uploads\/2016\/07\/20160728_Entrada-post-ruta-Escocia_ImmaMestre-600x600.jpg 600w, https:\/\/old.immamestre.com\/wp-content\/uploads\/2016\/07\/20160728_Entrada-post-ruta-Escocia_ImmaMestre-400x400.jpg 400w, https:\/\/old.immamestre.com\/wp-content\/uploads\/2016\/07\/20160728_Entrada-post-ruta-Escocia_ImmaMestre-100x100.jpg 100w, https:\/\/old.immamestre.com\/wp-content\/uploads\/2016\/07\/20160728_Entrada-post-ruta-Escocia_ImmaMestre-150x150.jpg 150w, https:\/\/old.immamestre.com\/wp-content\/uploads\/2016\/07\/20160728_Entrada-post-ruta-Escocia_ImmaMestre-620x620.jpg 620w, https:\/\/old.immamestre.com\/wp-content\/uploads\/2016\/07\/20160728_Entrada-post-ruta-Escocia_ImmaMestre-850x850.jpg 850w, https:\/\/old.immamestre.com\/wp-content\/uploads\/2016\/07\/20160728_Entrada-post-ruta-Escocia_ImmaMestre-120x120.jpg 120w\" sizes=\"(max-width: 890px) 100vw, 890px\" \/><\/p>\n<p>[CAT]<\/p>\n<p>La ruta per Esc\u00f2cia que et proposo, no te la pots perdre. Has estat mai a Esc\u00f2cia? jo dues vegades. La primera fa 13 anys. Amb les amigues i d&#8217;Albergs. Va ser molt diferent a la d&#8217;aquest any, que viatjavem 5 persones, entre elles un nen, i no recordava res de quan hi vaig estar l&#8217;\u00faltima vegada. Aix\u00ed que ha sigut com descobrir-la de nou en una ruta alternativa i poc tur\u00edstica que ens va portar a con\u00e8ixer l&#8217;esc\u00e8ncia d&#8217;aquest pa\u00eds celta. Te l&#8217;explico?<\/p>\n<p>Primer de tot, deixa&#8217;m dir-te que aquest viatge per terres escoceses val tant la pena i t\u00e9 tants aspectes per comentar, que faria un post massa llarg i no et vull avorrir. Per aquest motiu, prefereixo dividir-lo en quatre parts i anar-les desglossant en un post setmanal durant les pr\u00f2ximes setmanes:<\/p>\n<ul>\n<li>Ruta per Esc\u00f2cia<\/li>\n<li><a href=\"http:\/\/www.immamestre.com\/10-llocs-descocia-que-no-et-pots-perdre\/\">Llocs que no et pots perdre del pa\u00eds escoc\u00e8s<\/a><\/li>\n<li><a href=\"http:\/\/www.immamestre.com\/3-allotjaments-escocia\/\">Els millors allotjaments d&#8217;Esc\u00f2cia<\/a><\/li>\n<li><a href=\"http:\/\/www.immamestre.com\/curiositats-descocia\/\">Curiositats escoceses<\/a><\/li>\n<\/ul>\n<p>D&#8217;aquesta manera ser\u00e0 com tornar a estar de vacances i qu\u00e8 millor que reviure-les junts, no? <strong>Agafa la maleta, que ens enlairem!<\/strong><\/p>\n<h2>De ruta per Esc\u00f2cia<\/h2>\n<p>Aquest\u00a0plantejament parteix de\u00a0la meva visi\u00f3 personal.\u00a0L&#8217;aconsellable \u00e9s\u00a0llogar un cotxe a la capital i sortir a fer ruta. Nosaltres la vem anar estructurant sobre la marxa, segons les prefer\u00e8ncies de cadasc\u00fa. \u00c9s la que t&#8217;explico a continuaci\u00f3:<\/p>\n<p><img loading=\"lazy\" decoding=\"async\" class=\"size-full wp-image-5290 aligncenter\" src=\"http:\/\/www.immamestre.com\/wp-content\/uploads\/2016\/07\/20160726_Mapa-escocia_ImmaMestre.jpg\" alt=\"Mapa il\u00b7lustrat d'Esc\u00f2cia segons la ruta que vem fer a les vacances del juliol de 2016.\" width=\"890\" height=\"1240\" srcset=\"https:\/\/old.immamestre.com\/wp-content\/uploads\/2016\/07\/20160726_Mapa-escocia_ImmaMestre.jpg 890w, https:\/\/old.immamestre.com\/wp-content\/uploads\/2016\/07\/20160726_Mapa-escocia_ImmaMestre-600x836.jpg 600w, https:\/\/old.immamestre.com\/wp-content\/uploads\/2016\/07\/20160726_Mapa-escocia_ImmaMestre-620x864.jpg 620w, https:\/\/old.immamestre.com\/wp-content\/uploads\/2016\/07\/20160726_Mapa-escocia_ImmaMestre-850x1184.jpg 850w\" sizes=\"(max-width: 890px) 100vw, 890px\" \/><\/p>\n<p>Teniem clar que preferiem visitar una petita part d&#8217;Esc\u00f2cia, per\u00f2 en profunditat, que no pas afartar-nos a fer kil\u00f2metres i veure tota l&#8217;illa, per\u00f2 sense acabar d&#8217;apreciar res. Aix\u00ed que el nostre objectiu era, per una banda, endinssar-nos pels carrers d&#8217;Edimburg per con\u00e8ixer la seva hist\u00f2ria i per l&#8217;altra, descobrir i deixar-nos maravellar per Illa Skye. Tot all\u00f2 que pass\u00e9s entremig, ho deix\u00e0vem a la nostra intu\u00efci\u00f3. I no ens va decepcionar.\u00a0Tenint nom\u00e9s les dues primeres nits i l&#8217;\u00faltima reservades a Edimburg, tot el que podia venir despr\u00e9s prometia, i molt.<\/p>\n<h3>Edimburg<\/h3>\n<p>Val la pena estar-s&#8217;hi un parell o tres de dies recorrent els seus carrers. La ciutat \u00e9s molt maca, per\u00f2 tamb\u00e9 for\u00e7a ca\u00f2tica perqu\u00e8 no hi ha massa passos de zebra i tampoc estem acostumats que els cotxes condueixin al rev\u00e9s i vinguin per l&#8217;altre costat. Tot i aix\u00ed, a mi m&#8217;agrada caminar i crec que\u00a0<strong>una bona manera per con\u00e8ixer aquesta ciutat \u00e9s\u00a0que et\u00a0deixis\u00a0portar pels encants\u00a0d&#8217;Edimburg tot passejant pels seus carrers.<\/strong> Nom\u00e9s aix\u00ed, t&#8217;empapar\u00e0s\u00a0de la seva cultura i manera de viure. I, si et ve de gust, deixa&#8217;t guiar per un dels <em>tours<\/em> gratu\u00efts que comencen des de la <em>Royal Mile<\/em>,\u00a0el carrer m\u00e9s importat de la ciutat. N&#8217;hi ha en castell\u00e0 i en angl\u00e8s.<\/p>\n<h3>Descobrint els Trossachs<\/h3>\n<p>Formen part del parc nacional de<em> The Trossachs<\/em> i es divideix en quatre zones de paisatges ben diferenciats: <strong><em>Loch Lomond, The trossachs, Breadalbane<\/em> i <em>Argyll Forest<\/em>.<\/strong> Nosaltres vem\u00a0vem preferir estar per\u00a0la part de <strong><em>Glencoe<\/em>, centre dels <em>Trossachs<\/em>.<\/strong> \u00c9s digne de veure i s&#8217;ha de viure! infinitat de muntanyes, paratges verds, catarates, llacs, vaques rumiant, ovelles pastant, de tant en tant alguna masia, i una sola carretera, d&#8217;un sol carril. Si t&#8217;agrada la muntanya, aqu\u00ed trobar\u00e0s vegetaci\u00f3 en estat pur, tranquilitat absoluta i bellesa infinita. <strong>Has pensat que podries\u00a0quedar-te aqu\u00ed i viure feli\u00e7 envoltada de natura sense preocupar-te de res? Jo s\u00ed!<\/strong><\/p>\n<h3>Arribant a Illa Skye<\/h3>\n<p>Hi ha dues maneres d&#8217;arribar-hi: en ferry o per carretera.\u00a0 Les ciutats m\u00e9s importants s\u00f3n <em>Uig<\/em> i <em>Portree<\/em>, per\u00f2 <strong>el qu\u00e8 realment val la pena s\u00f3n els paisatges que et regala l&#8217;illa en els seus poblets m\u00e9s petits i els grans acantilats<\/strong> de <em>Kilt Rock<\/em>.<\/p>\n<p>Cadasc\u00fa t\u00e9 les seves prefer\u00e8ncies, per\u00f2 sense pensar-m&#8217;ho dues vegades, et recomanaria seguir aquesta ruta per con\u00e8ixer l&#8217;esc\u00e8ncia escocesa. A nosaltres ens la va descobrir el sr.Luti, un escoc\u00e8s d&#8217;origen itali\u00e0 que vem con\u00e8ixer en\u00a0<em>Bed and Breakfast<\/em> que t\u00e9 junt amb la seva dona. Com que \u00e9s aut\u00f2cton de la terra galesa, li vem fer\u00a0cas. Gr\u00e0cies a ell, estic aqu\u00ed escrivint-te aquesta personal visi\u00f3 sobre una de les millors rutes que hi ha per Esc\u00f2cia. Per\u00f2 al sr.Luti, millor te&#8217;l presento en un altre post.<\/p>\n<p>I tu qu\u00e8 me&#8217;n dius? Esc\u00f2cia entra dins els teus possibles plans de viatge?\u00a0Ja fa dies que vaig tornar, per\u00f2 encara tinc el cap m\u00e9s all\u00e0 que aqu\u00ed i \u00e9s que aquell pa\u00eds em va enamorar. Quina pa\u00eds t&#8217;ha enamorat a tu?<\/p>\n<p><span style=\"color: #008798;\">&#8212;&#8211;<\/span><\/p>\n<p><span id=\"result_box\" class=\"\" lang=\"es\"><span title=\"Has estat mai a Esc\u00f2cia?\">[CAST]<\/span><\/span><\/p>\n<p>La ruta por Escocia que te propongo, no te la puedes perder. \u00bfHas estado en Escocia? yo dos veces. La primera vez hace 13 a\u00f1os. Con las amigas y de Albergues. Fue muy diferente a la de este a\u00f1o, que viaj\u00e1bamos 5 personas, entre ellas un ni\u00f1o, y no recordaba nada de cuando estuve la \u00faltima vez. As\u00ed que ha sido como descubrirla de nuevo en una ruta alternativa y poco tur\u00edstica que nos llev\u00f3 a conocer la esencia de este pa\u00eds celta. \u00bfTe la cuento?<\/p>\n<p><span title=\"Primer de tot, deixa'm dir-te que aquest viatge per terres escoceses val tant la pena i t\u00e9 tants aspectes per comentar, que faria un post massa llarg i no et vull avorrir.\">Antes que nada, d\u00e9jame decirte que este viaje por tierras escocesas merece\u00a0tanto la pena y tiene tantos aspectos para comentar, que har\u00eda un post demasiado largo y no quiero aburrirte. <\/span><span title=\"Per aquest motiu, prefereixo dividir-lo en quatre parts i anar-les desglossant en un post setmanal durant les pr\u00f2ximes setmanes: \u00a0\u00a0\u00a0\u00a0\">Por este motivo, prefiero dividirlo en cuatro partes e ir desglos\u00e1ndolas en un post semanal durante las pr\u00f3ximas semanas:<\/span><\/p>\n<ul>\n<li><span id=\"result_box\" class=\"\" lang=\"es\"><span title=\"Ruta per Esc\u00f2cia \u00a0\u00a0\u00a0\u00a0\">Ruta por Escocia<\/span><\/span><\/li>\n<li><a href=\"http:\/\/www.immamestre.com\/10-llocs-descocia-que-no-et-pots-perdre\/\"><span id=\"result_box\" class=\"\" lang=\"es\"><span title=\"Llocs que no et pots perdre del pa\u00eds escoc\u00e8s (i alguns que s\u00ed) \u00a0\u00a0\u00a0\u00a0\">Lugares que no te puedes perder del pa\u00eds escoc\u00e9s<\/span><\/span><\/a><\/li>\n<li><a href=\"http:\/\/www.immamestre.com\/3-allotjaments-escocia\/\"><span id=\"result_box\" class=\"\" lang=\"es\"><span title=\"Els millors allotjaments d'Esc\u00f2cia \u00a0\u00a0\u00a0\u00a0\">Los mejores alojamientos de Escocia<\/span><\/span><\/a><\/li>\n<li><a href=\"http:\/\/www.immamestre.com\/curiositats-descocia\/\"><span id=\"result_box\" class=\"\" lang=\"es\"><span title=\"Ruta per Esc\u00f2cia \u00a0\u00a0\u00a0\u00a0\"><span title=\"Curiositats i altres dades d'inter\u00e8s \">Curiosidades\u00a0escocesas<\/span><\/span><\/span><\/a><span id=\"result_box\" class=\"\" lang=\"es\"><\/span><br \/>\n<span id=\"result_box\" class=\"\" lang=\"es\"><\/span><\/li>\n<\/ul>\n<p><span id=\"result_box\" class=\"\" lang=\"es\"><span title=\"D'aquesta manera ser\u00e0 com tornar a estar de vacances i qu\u00e8 millor que reviure-les junts, no?\">De esta manera ser\u00e1 como volver a estar de vacaciones y qu\u00e9 mejor que revivirlas juntos, \u00bfverdad?\u00a0<strong>\u00a1<\/strong><\/span><strong><span title=\"Agafa-la la maleta, que ens enlairem!\">C\u00f3ge la maleta, que despegamos!<\/span><\/strong><\/span><\/p>\n<h2>De ruta por Escocia<\/h2>\n<p>Este planteamiento parte de mi visi\u00f3n personal. Lo aconsejable es alquilar un coche en la capital y salir a hacer ruta. Nosotros la fuimos estructurando sobre la marcha, seg\u00fan las preferencias de cada uno. Es la que te cuento a continuaci\u00f3n:<\/p>\n<p>Ten\u00edamos claro que prefer\u00edamos visitar una peque\u00f1a parte de Escocia, pero en profundidad, que hartarnos a hacer kil\u00f3metros y ver toda la isla, pero sin terminar de apreciar nada. As\u00ed que nuestro objetivo era, por un lado, perdernos\u00a0por las calles de Edimburgo para conocer su historia y por otro, descubrir y dejarnos maravillar por Isla Skye. Todo lo que pasara en medio, lo dej\u00e1bamos a nuestra intuici\u00f3n. Y no nos decepcion\u00f3. Teniendo s\u00f3lo las primeras dos noches y la \u00faltima reservadas en Edimburgo, todo lo que pod\u00eda venir despu\u00e9s promet\u00eda, y mucho.<\/p>\n<h3>Edimburgo<\/h3>\n<p>Vale la pena estar un par o tres de d\u00edas recorriendo sus calles. La ciudad es muy bonita, pero tambi\u00e9n bastante ca\u00f3tica porque no hay demasiados pasos de cebra y tampoco estamos acostumbrados a que los coches conduzcan al rev\u00e9s y vengan por el otro lado. Sin embargo, a m\u00ed me gusta caminar y creo que <strong>una buena manera para conocer esta ciudad es que te dejes llevar por los encantos de Edimburgo paseando por sus calles.<\/strong> S\u00f3lo as\u00ed, absorver\u00e1s\u00a0su cultura y modo de vivir. Y, si te apetece, d\u00e9jate guiar por uno de los <em>tours<\/em> gratuitos que comienzan desde la <em>Royal Mile<\/em>, la calle m\u00e1s importante de la ciudad. Los hay en castellano y en ingl\u00e9s.<\/p>\n<h3><span id=\"result_box\" class=\"\" lang=\"es\"><span title=\"Descobrint els Trossachs \">Descubriendo los Trossachs<br \/>\n<\/span><\/span><\/h3>\n<p>Forman parte del parque nacional de <em>The\u00a0Trossachs<\/em> y se divide en cuatro zonas de paisajes bien diferenciados: <strong><em>Loch Lomond, The Trossachs, Breadalbane y Argyll Forest<\/em>.<\/strong> Nosotros estuvimos\u00a0por la parte de <strong><em>Glencoe<\/em>, centro de los <em>Trossachs<\/em>.<\/strong> Es digno de ver y \u00a1hay que vivirlo! infinidad de monta\u00f1as, parajes verdes, cataratas, lagos, vacas rumiando, ovejas pastando, de vez en cuando alguna mas\u00eda, y una sola carretera, de un solo carril. Si te gusta la monta\u00f1a, aqu\u00ed encontrar\u00e1s vegetaci\u00f3n en estado puro, tranquilidad absoluta y belleza infinita. <strong>\u00bfHas pensado que podr\u00edas quedarte aqu\u00ed y vivir feliz rodeada de naturaleza sin preocuparte de nada? \u00a1Yo s\u00ed!<\/strong><\/p>\n<h3>Llegando a Illa Skye<\/h3>\n<p>Hay dos maneras de llegar: en ferry o por carretera. Las ciudades m\u00e1s importantes son <em>Uig<\/em> y <em>Portree<\/em>, pero <strong>lo que realmente vale la pena son los paisajes que te regala la isla en sus pueblos m\u00e1s peque\u00f1os y los grandes acantilados<\/strong> de <em>Kilt Rock<\/em>.<\/p>\n<p>Cada uno tiene sus preferencias, pero sin pensarlo dos veces, te recomendar\u00eda seguir esta ruta para conocer la esencia escocesa. A nosotros nos la descubri\u00f3 el sr.Luti, un escoc\u00e9s de origen italiano que conocimos en el\u00a0<em>Bed and Breakfast <\/em>que regenta con su mujer. Como es aut\u00f3ctono de la tierra galesa, le hicimos caso. Gracias a \u00e9l, estoy aqu\u00ed escribi\u00e9ndote esta personal visi\u00f3n sobre una de las mejores rutas que hay para\u00a0conocer\u00a0Escocia. Pero al sr.Luti, mejor te lo presento en otro post.<\/p>\n<p>\u00bfY t\u00fa qu\u00e9 me dices: Escocia entra en tus posibles planes de viaje? Ya hace d\u00edas que volv\u00ed, pero todav\u00eda tengo la cabeza m\u00e1s all\u00e1 que aqu\u00ed y es que ese pa\u00eds me enamor\u00f3. \u00bfQu\u00e9 pa\u00eds te ha enamorado ti?<\/p>\n","protected":false},"excerpt":{"rendered":"<p>[CAT] La ruta per Esc\u00f2cia que et proposo, no te la pots perdre. Has estat mai a Esc\u00f2cia? jo dues vegades. La primera fa 13 anys. Amb les amigues i d&#8217;Albergs. Va ser molt diferent a la d&#8217;aquest any, que viatjavem 5 persones, entre elles un nen, i no recordava res de quan hi vaig [&hellip;]<\/p>\n","protected":false},"author":1,"featured_media":5301,"comment_status":"open","ping_status":"closed","sticky":false,"template":"","format":"standard","meta":{"_et_pb_use_builder":"","_et_pb_old_content":"","_et_gb_content_width":"","_monsterinsights_skip_tracking":false,"_monsterinsights_sitenote_active":false,"_monsterinsights_sitenote_note":"","_monsterinsights_sitenote_category":0,"footnotes":""},"categories":[217,320,328],"tags":[321,323,322,324],"class_list":["post-5273","post","type-post","status-publish","format-standard","has-post-thumbnail","hentry","category-blog","category-guia-de-viaje","category-por-el-mundo-con-una-libreta","tag-escocia","tag-guia","tag-viaje","tag-viatge"],"yoast_head":"<!-- This site is optimized with the Yoast SEO plugin v26.1.1 - https:\/\/yoast.com\/wordpress\/plugins\/seo\/ -->\n<title>La Ruta per Esc\u00f2cia que t&#039;atrapar\u00e0 pels seus paisatges i la seva gent<\/title>\n<meta name=\"description\" content=\"La Ruta per Esc\u00f2cia \u00e9s la meva particular ruta de vacances en forma de guia de viatge il\u00b7lustrada per a tothom qui vulgui con\u00e8ixer el pa\u00eds celta.\" \/>\n<meta name=\"robots\" content=\"index, follow, max-snippet:-1, max-image-preview:large, max-video-preview:-1\" \/>\n<link rel=\"canonical\" href=\"https:\/\/old.immamestre.com\/es\/ruta-per-escocia\/\" \/>\n<meta property=\"og:locale\" content=\"es_ES\" \/>\n<meta property=\"og:type\" content=\"article\" \/>\n<meta property=\"og:title\" content=\"La Ruta per Esc\u00f2cia que t&#039;atrapar\u00e0 pels seus paisatges i la seva gent\" \/>\n<meta property=\"og:description\" content=\"La Ruta per Esc\u00f2cia \u00e9s la meva particular ruta de vacances en forma de guia de viatge il\u00b7lustrada per a tothom qui vulgui con\u00e8ixer el pa\u00eds celta.\" \/>\n<meta property=\"og:url\" content=\"https:\/\/old.immamestre.com\/es\/ruta-per-escocia\/\" \/>\n<meta property=\"og:site_name\" content=\"Imma Mestre | Ilustraci\u00f3n\" \/>\n<meta property=\"article:published_time\" content=\"2016-07-27T22:02:34+00:00\" \/>\n<meta property=\"article:modified_time\" content=\"2016-08-18T06:14:29+00:00\" \/>\n<meta property=\"og:image\" content=\"https:\/\/old.immamestre.com\/wp-content\/uploads\/2016\/07\/20160728_Entrada-post-ruta-Escocia_ImmaMestre-1.jpg\" \/>\n\t<meta property=\"og:image:width\" content=\"890\" \/>\n\t<meta property=\"og:image:height\" content=\"890\" \/>\n\t<meta property=\"og:image:type\" content=\"image\/jpeg\" \/>\n<meta name=\"author\" content=\"Imma Mestre\" \/>\n<meta name=\"twitter:label1\" content=\"Escrito por\" \/>\n\t<meta name=\"twitter:data1\" content=\"Imma Mestre\" \/>\n\t<meta name=\"twitter:label2\" content=\"Tiempo de lectura\" \/>\n\t<meta name=\"twitter:data2\" content=\"8 minutos\" \/>\n<script type=\"application\/ld+json\" class=\"yoast-schema-graph\">{\"@context\":\"https:\/\/schema.org\",\"@graph\":[{\"@type\":\"Article\",\"@id\":\"https:\/\/old.immamestre.com\/es\/ruta-per-escocia\/#article\",\"isPartOf\":{\"@id\":\"https:\/\/old.immamestre.com\/es\/ruta-per-escocia\/\"},\"author\":{\"name\":\"Imma Mestre\",\"@id\":\"https:\/\/old.immamestre.com\/#\/schema\/person\/f649c9039586af566b698906bc9da076\"},\"headline\":\"La ruta per Esc\u00f2cia que t&#8217;atrapar\u00e0\",\"datePublished\":\"2016-07-27T22:02:34+00:00\",\"dateModified\":\"2016-08-18T06:14:29+00:00\",\"mainEntityOfPage\":{\"@id\":\"https:\/\/old.immamestre.com\/es\/ruta-per-escocia\/\"},\"wordCount\":1581,\"commentCount\":2,\"publisher\":{\"@id\":\"https:\/\/old.immamestre.com\/#\/schema\/person\/f649c9039586af566b698906bc9da076\"},\"image\":{\"@id\":\"https:\/\/old.immamestre.com\/es\/ruta-per-escocia\/#primaryimage\"},\"thumbnailUrl\":\"https:\/\/old.immamestre.com\/wp-content\/uploads\/2016\/07\/20160728_Entrada-post-ruta-Escocia_ImmaMestre-1.jpg\",\"keywords\":[\"Escocia\",\"guia\",\"viaje\",\"viatge\"],\"articleSection\":[\"Blog\",\"Gu\u00eda de viaje\",\"Por el mundo con una libreta\"],\"inLanguage\":\"es\",\"potentialAction\":[{\"@type\":\"CommentAction\",\"name\":\"Comment\",\"target\":[\"https:\/\/old.immamestre.com\/es\/ruta-per-escocia\/#respond\"]}]},{\"@type\":\"WebPage\",\"@id\":\"https:\/\/old.immamestre.com\/es\/ruta-per-escocia\/\",\"url\":\"https:\/\/old.immamestre.com\/es\/ruta-per-escocia\/\",\"name\":\"La Ruta per Esc\u00f2cia que t'atrapar\u00e0 pels seus paisatges i la seva gent\",\"isPartOf\":{\"@id\":\"https:\/\/old.immamestre.com\/#website\"},\"primaryImageOfPage\":{\"@id\":\"https:\/\/old.immamestre.com\/es\/ruta-per-escocia\/#primaryimage\"},\"image\":{\"@id\":\"https:\/\/old.immamestre.com\/es\/ruta-per-escocia\/#primaryimage\"},\"thumbnailUrl\":\"https:\/\/old.immamestre.com\/wp-content\/uploads\/2016\/07\/20160728_Entrada-post-ruta-Escocia_ImmaMestre-1.jpg\",\"datePublished\":\"2016-07-27T22:02:34+00:00\",\"dateModified\":\"2016-08-18T06:14:29+00:00\",\"description\":\"La Ruta per Esc\u00f2cia \u00e9s la meva particular ruta de vacances en forma de guia de viatge il\u00b7lustrada per a tothom qui vulgui con\u00e8ixer el pa\u00eds celta.\",\"breadcrumb\":{\"@id\":\"https:\/\/old.immamestre.com\/es\/ruta-per-escocia\/#breadcrumb\"},\"inLanguage\":\"es\",\"potentialAction\":[{\"@type\":\"ReadAction\",\"target\":[\"https:\/\/old.immamestre.com\/es\/ruta-per-escocia\/\"]}]},{\"@type\":\"ImageObject\",\"inLanguage\":\"es\",\"@id\":\"https:\/\/old.immamestre.com\/es\/ruta-per-escocia\/#primaryimage\",\"url\":\"https:\/\/old.immamestre.com\/wp-content\/uploads\/2016\/07\/20160728_Entrada-post-ruta-Escocia_ImmaMestre-1.jpg\",\"contentUrl\":\"https:\/\/old.immamestre.com\/wp-content\/uploads\/2016\/07\/20160728_Entrada-post-ruta-Escocia_ImmaMestre-1.jpg\",\"width\":890,\"height\":890},{\"@type\":\"BreadcrumbList\",\"@id\":\"https:\/\/old.immamestre.com\/es\/ruta-per-escocia\/#breadcrumb\",\"itemListElement\":[{\"@type\":\"ListItem\",\"position\":1,\"name\":\"Home\",\"item\":\"https:\/\/old.immamestre.com\/\"},{\"@type\":\"ListItem\",\"position\":2,\"name\":\"La ruta per Esc\u00f2cia que t&#8217;atrapar\u00e0\"}]},{\"@type\":\"WebSite\",\"@id\":\"https:\/\/old.immamestre.com\/#website\",\"url\":\"https:\/\/old.immamestre.com\/\",\"name\":\"Imma Mestre | Ilustraci\u00f3n\",\"description\":\"ilustraci\u00f3n\",\"publisher\":{\"@id\":\"https:\/\/old.immamestre.com\/#\/schema\/person\/f649c9039586af566b698906bc9da076\"},\"potentialAction\":[{\"@type\":\"SearchAction\",\"target\":{\"@type\":\"EntryPoint\",\"urlTemplate\":\"https:\/\/old.immamestre.com\/?s={search_term_string}\"},\"query-input\":{\"@type\":\"PropertyValueSpecification\",\"valueRequired\":true,\"valueName\":\"search_term_string\"}}],\"inLanguage\":\"es\"},{\"@type\":[\"Person\",\"Organization\"],\"@id\":\"https:\/\/old.immamestre.com\/#\/schema\/person\/f649c9039586af566b698906bc9da076\",\"name\":\"Imma Mestre\",\"image\":{\"@type\":\"ImageObject\",\"inLanguage\":\"es\",\"@id\":\"https:\/\/old.immamestre.com\/#\/schema\/person\/image\/\",\"url\":\"https:\/\/secure.gravatar.com\/avatar\/fe9530742331fb8e4cb4de875d82303426947d472e41eb783b6dc62694aa6aff?s=96&d=mm&r=g\",\"contentUrl\":\"https:\/\/secure.gravatar.com\/avatar\/fe9530742331fb8e4cb4de875d82303426947d472e41eb783b6dc62694aa6aff?s=96&d=mm&r=g\",\"caption\":\"Imma Mestre\"},\"logo\":{\"@id\":\"https:\/\/old.immamestre.com\/#\/schema\/person\/image\/\"},\"description\":\"Hola soy Imma. Ilustradora. Hablo a trav\u00e9s de ilustraciones. Dame un l\u00e1piz y pinto tu mundo con historias ilustradas que te har\u00e1n despuntar.\",\"sameAs\":[\"https:\/\/www.immamestre.com\"],\"url\":\"https:\/\/old.immamestre.com\/es\/author\/alpha\/\"}]}<\/script>\n<!-- \/ Yoast SEO plugin. -->","yoast_head_json":{"title":"La Ruta per Esc\u00f2cia que t'atrapar\u00e0 pels seus paisatges i la seva gent","description":"La Ruta per Esc\u00f2cia \u00e9s la meva particular ruta de vacances en forma de guia de viatge il\u00b7lustrada per a tothom qui vulgui con\u00e8ixer el pa\u00eds celta.","robots":{"index":"index","follow":"follow","max-snippet":"max-snippet:-1","max-image-preview":"max-image-preview:large","max-video-preview":"max-video-preview:-1"},"canonical":"https:\/\/old.immamestre.com\/es\/ruta-per-escocia\/","og_locale":"es_ES","og_type":"article","og_title":"La Ruta per Esc\u00f2cia que t'atrapar\u00e0 pels seus paisatges i la seva gent","og_description":"La Ruta per Esc\u00f2cia \u00e9s la meva particular ruta de vacances en forma de guia de viatge il\u00b7lustrada per a tothom qui vulgui con\u00e8ixer el pa\u00eds celta.","og_url":"https:\/\/old.immamestre.com\/es\/ruta-per-escocia\/","og_site_name":"Imma Mestre | Ilustraci\u00f3n","article_published_time":"2016-07-27T22:02:34+00:00","article_modified_time":"2016-08-18T06:14:29+00:00","og_image":[{"width":890,"height":890,"url":"https:\/\/old.immamestre.com\/wp-content\/uploads\/2016\/07\/20160728_Entrada-post-ruta-Escocia_ImmaMestre-1.jpg","type":"image\/jpeg"}],"author":"Imma Mestre","twitter_misc":{"Escrito por":"Imma Mestre","Tiempo de lectura":"8 minutos"},"schema":{"@context":"https:\/\/schema.org","@graph":[{"@type":"Article","@id":"https:\/\/old.immamestre.com\/es\/ruta-per-escocia\/#article","isPartOf":{"@id":"https:\/\/old.immamestre.com\/es\/ruta-per-escocia\/"},"author":{"name":"Imma Mestre","@id":"https:\/\/old.immamestre.com\/#\/schema\/person\/f649c9039586af566b698906bc9da076"},"headline":"La ruta per Esc\u00f2cia que t&#8217;atrapar\u00e0","datePublished":"2016-07-27T22:02:34+00:00","dateModified":"2016-08-18T06:14:29+00:00","mainEntityOfPage":{"@id":"https:\/\/old.immamestre.com\/es\/ruta-per-escocia\/"},"wordCount":1581,"commentCount":2,"publisher":{"@id":"https:\/\/old.immamestre.com\/#\/schema\/person\/f649c9039586af566b698906bc9da076"},"image":{"@id":"https:\/\/old.immamestre.com\/es\/ruta-per-escocia\/#primaryimage"},"thumbnailUrl":"https:\/\/old.immamestre.com\/wp-content\/uploads\/2016\/07\/20160728_Entrada-post-ruta-Escocia_ImmaMestre-1.jpg","keywords":["Escocia","guia","viaje","viatge"],"articleSection":["Blog","Gu\u00eda de viaje","Por el mundo con una libreta"],"inLanguage":"es","potentialAction":[{"@type":"CommentAction","name":"Comment","target":["https:\/\/old.immamestre.com\/es\/ruta-per-escocia\/#respond"]}]},{"@type":"WebPage","@id":"https:\/\/old.immamestre.com\/es\/ruta-per-escocia\/","url":"https:\/\/old.immamestre.com\/es\/ruta-per-escocia\/","name":"La Ruta per Esc\u00f2cia que t'atrapar\u00e0 pels seus paisatges i la seva gent","isPartOf":{"@id":"https:\/\/old.immamestre.com\/#website"},"primaryImageOfPage":{"@id":"https:\/\/old.immamestre.com\/es\/ruta-per-escocia\/#primaryimage"},"image":{"@id":"https:\/\/old.immamestre.com\/es\/ruta-per-escocia\/#primaryimage"},"thumbnailUrl":"https:\/\/old.immamestre.com\/wp-content\/uploads\/2016\/07\/20160728_Entrada-post-ruta-Escocia_ImmaMestre-1.jpg","datePublished":"2016-07-27T22:02:34+00:00","dateModified":"2016-08-18T06:14:29+00:00","description":"La Ruta per Esc\u00f2cia \u00e9s la meva particular ruta de vacances en forma de guia de viatge il\u00b7lustrada per a tothom qui vulgui con\u00e8ixer el pa\u00eds celta.","breadcrumb":{"@id":"https:\/\/old.immamestre.com\/es\/ruta-per-escocia\/#breadcrumb"},"inLanguage":"es","potentialAction":[{"@type":"ReadAction","target":["https:\/\/old.immamestre.com\/es\/ruta-per-escocia\/"]}]},{"@type":"ImageObject","inLanguage":"es","@id":"https:\/\/old.immamestre.com\/es\/ruta-per-escocia\/#primaryimage","url":"https:\/\/old.immamestre.com\/wp-content\/uploads\/2016\/07\/20160728_Entrada-post-ruta-Escocia_ImmaMestre-1.jpg","contentUrl":"https:\/\/old.immamestre.com\/wp-content\/uploads\/2016\/07\/20160728_Entrada-post-ruta-Escocia_ImmaMestre-1.jpg","width":890,"height":890},{"@type":"BreadcrumbList","@id":"https:\/\/old.immamestre.com\/es\/ruta-per-escocia\/#breadcrumb","itemListElement":[{"@type":"ListItem","position":1,"name":"Home","item":"https:\/\/old.immamestre.com\/"},{"@type":"ListItem","position":2,"name":"La ruta per Esc\u00f2cia que t&#8217;atrapar\u00e0"}]},{"@type":"WebSite","@id":"https:\/\/old.immamestre.com\/#website","url":"https:\/\/old.immamestre.com\/","name":"Imma Mestre | Ilustraci\u00f3n","description":"ilustraci\u00f3n","publisher":{"@id":"https:\/\/old.immamestre.com\/#\/schema\/person\/f649c9039586af566b698906bc9da076"},"potentialAction":[{"@type":"SearchAction","target":{"@type":"EntryPoint","urlTemplate":"https:\/\/old.immamestre.com\/?s={search_term_string}"},"query-input":{"@type":"PropertyValueSpecification","valueRequired":true,"valueName":"search_term_string"}}],"inLanguage":"es"},{"@type":["Person","Organization"],"@id":"https:\/\/old.immamestre.com\/#\/schema\/person\/f649c9039586af566b698906bc9da076","name":"Imma Mestre","image":{"@type":"ImageObject","inLanguage":"es","@id":"https:\/\/old.immamestre.com\/#\/schema\/person\/image\/","url":"https:\/\/secure.gravatar.com\/avatar\/fe9530742331fb8e4cb4de875d82303426947d472e41eb783b6dc62694aa6aff?s=96&d=mm&r=g","contentUrl":"https:\/\/secure.gravatar.com\/avatar\/fe9530742331fb8e4cb4de875d82303426947d472e41eb783b6dc62694aa6aff?s=96&d=mm&r=g","caption":"Imma Mestre"},"logo":{"@id":"https:\/\/old.immamestre.com\/#\/schema\/person\/image\/"},"description":"Hola soy Imma. Ilustradora. Hablo a trav\u00e9s de ilustraciones. Dame un l\u00e1piz y pinto tu mundo con historias ilustradas que te har\u00e1n despuntar.","sameAs":["https:\/\/www.immamestre.com"],"url":"https:\/\/old.immamestre.com\/es\/author\/alpha\/"}]}},"_links":{"self":[{"href":"https:\/\/old.immamestre.com\/es\/wp-json\/wp\/v2\/posts\/5273","targetHints":{"allow":["GET"]}}],"collection":[{"href":"https:\/\/old.immamestre.com\/es\/wp-json\/wp\/v2\/posts"}],"about":[{"href":"https:\/\/old.immamestre.com\/es\/wp-json\/wp\/v2\/types\/post"}],"author":[{"embeddable":true,"href":"https:\/\/old.immamestre.com\/es\/wp-json\/wp\/v2\/users\/1"}],"replies":[{"embeddable":true,"href":"https:\/\/old.immamestre.com\/es\/wp-json\/wp\/v2\/comments?post=5273"}],"version-history":[{"count":43,"href":"https:\/\/old.immamestre.com\/es\/wp-json\/wp\/v2\/posts\/5273\/revisions"}],"predecessor-version":[{"id":5541,"href":"https:\/\/old.immamestre.com\/es\/wp-json\/wp\/v2\/posts\/5273\/revisions\/5541"}],"wp:featuredmedia":[{"embeddable":true,"href":"https:\/\/old.immamestre.com\/es\/wp-json\/wp\/v2\/media\/5301"}],"wp:attachment":[{"href":"https:\/\/old.immamestre.com\/es\/wp-json\/wp\/v2\/media?parent=5273"}],"wp:term":[{"taxonomy":"category","embeddable":true,"href":"https:\/\/old.immamestre.com\/es\/wp-json\/wp\/v2\/categories?post=5273"},{"taxonomy":"post_tag","embeddable":true,"href":"https:\/\/old.immamestre.com\/es\/wp-json\/wp\/v2\/tags?post=5273"}],"curies":[{"name":"wp","href":"https:\/\/api.w.org\/{rel}","templated":true}]}}