{"id":5188,"date":"2016-06-13T00:00:58","date_gmt":"2016-06-12T22:00:58","guid":{"rendered":"http:\/\/www.immamestre.com\/?p=5188"},"modified":"2016-06-13T09:42:55","modified_gmt":"2016-06-13T07:42:55","slug":"recepta-magdalenes","status":"publish","type":"post","link":"https:\/\/old.immamestre.com\/es\/recepta-magdalenes\/","title":{"rendered":"Recepta il\u00b7lustrada: Com fer magdalenes"},"content":{"rendered":"<p><img loading=\"lazy\" decoding=\"async\" class=\"size-full wp-image-5190 aligncenter\" src=\"http:\/\/www.immamestre.com\/wp-content\/uploads\/2016\/06\/Portada-recepta-ilustrada-magdalenes_ImmaMestre.jpg\" alt=\"Portada-recepta-ilustrada-magdalenes_ImmaMestre\" width=\"750\" height=\"750\" srcset=\"https:\/\/old.immamestre.com\/wp-content\/uploads\/2016\/06\/Portada-recepta-ilustrada-magdalenes_ImmaMestre.jpg 750w, https:\/\/old.immamestre.com\/wp-content\/uploads\/2016\/06\/Portada-recepta-ilustrada-magdalenes_ImmaMestre-600x600.jpg 600w, https:\/\/old.immamestre.com\/wp-content\/uploads\/2016\/06\/Portada-recepta-ilustrada-magdalenes_ImmaMestre-400x400.jpg 400w, https:\/\/old.immamestre.com\/wp-content\/uploads\/2016\/06\/Portada-recepta-ilustrada-magdalenes_ImmaMestre-100x100.jpg 100w, https:\/\/old.immamestre.com\/wp-content\/uploads\/2016\/06\/Portada-recepta-ilustrada-magdalenes_ImmaMestre-150x150.jpg 150w, https:\/\/old.immamestre.com\/wp-content\/uploads\/2016\/06\/Portada-recepta-ilustrada-magdalenes_ImmaMestre-620x620.jpg 620w, https:\/\/old.immamestre.com\/wp-content\/uploads\/2016\/06\/Portada-recepta-ilustrada-magdalenes_ImmaMestre-120x120.jpg 120w, https:\/\/old.immamestre.com\/wp-content\/uploads\/2016\/06\/Portada-recepta-ilustrada-magdalenes_ImmaMestre-750x750-978x978.jpg 978w\" sizes=\"(max-width: 750px) 100vw, 750px\" \/><\/p>\n<p>Fa uns dies vaig fer magdalenes. Si em segueixes per <a href=\"https:\/\/www.instagram.com\/immescu\/\" target=\"_blank\">instagram<\/a> ja haur\u00e0s vist el delici\u00f3s resultat. Si no em segueixes&#8230; a qu\u00e8 esperes? El cas \u00e9s que fa dos mesos va ser el meu aniversari i buscava celebrar-ho d&#8217;una manera dol\u00e7a per\u00f2 fugint del t\u00edpic past\u00eds. Buscava una <strong>recepta casolana, f\u00e0cil de fer i<\/strong> que tingu\u00e9s un <strong>resultat espectacular.<\/strong> Vaig anar descartat, d&#8217;entre les receptes que tenia guardades, les que ja vaig fer en altres anys, les que eren massa dif\u00edcil o elaborades i finalment vaig anar a parar a la recepta perfecte.<\/p>\n<p>Un any enrera, vaig\u00a0llegir-la al blog de l&#8217;Anna de <a href=\"http:\/\/www.drimvic.com\" target=\"_blank\">Drimvic<\/a>, que les va fer una tarda d&#8217;un dia gris. Era dimarts, per\u00f2 vaig decidir que aquell mateix cap de setmana les provaria de fer. <strong>Les magdalenes m&#8217;agraden molt, i <a href=\"http:\/\/www.drimvic.com\/2015\/06\/de-una-tarde-gris-y-unas-magdalenas-con.html\" target=\"_blank\">aquella recepta<\/a>\u00a0no semblava dif\u00edcil.<\/strong> Aquell mateix dissabte, vaig agafar la recepta, vaig mirar si tenia tots els ingredients i em vaig posar a prepara-la. No els tenia tots, els ingredients, aix\u00ed que vaig fer unes petites modificacions. I aqu\u00ed tens <strong>la meva versi\u00f3 de la recepta de les magdalenes.<\/strong><\/p>\n<h1>Recepta il\u00b7lustrada per a fer magdalenes<\/h1>\n<p>Vaig reduir el sucre, vaig substituir la taronja per la canyella i lestos.\u00a0El resultat va superar les meves expectatives.<\/p>\n<p>No la vaig fer m\u00e9s fins fa dos mesos que, pensant en com celebrar el meu aniversari, em va venir al cap aquesta recepta.\u00a0I des de l&#8217;abril, que cada cap de setmana en faig. <strong>No poden ser m\u00e9s bones.<\/strong><\/p>\n<p>He fet\u00a0aquestes\u00a0magdalenes\u00a0tantes vegades\u00a0que ja em s\u00e9 la recepta\u00a0de mem\u00f2ria i per aix\u00f2 l&#8217;he volgut compartir amb tu i sumar-la a la resta de <a href=\"http:\/\/www.immamestre.com\/category\/illustrated-recipe\/\">receptes il\u00b7lustrades<\/a> que vaig agrupant.<\/p>\n<p><img loading=\"lazy\" decoding=\"async\" class=\"size-full wp-image-5189 aligncenter\" src=\"http:\/\/www.immamestre.com\/wp-content\/uploads\/2016\/06\/20160613_Recepta-ilustrada-magdalenes_ImmaMestre.jpg\" alt=\"20160613_Recepta-ilustrada-magdalenes_ImmaMestre\" width=\"850\" height=\"1202\" srcset=\"https:\/\/old.immamestre.com\/wp-content\/uploads\/2016\/06\/20160613_Recepta-ilustrada-magdalenes_ImmaMestre.jpg 850w, https:\/\/old.immamestre.com\/wp-content\/uploads\/2016\/06\/20160613_Recepta-ilustrada-magdalenes_ImmaMestre-600x848.jpg 600w, https:\/\/old.immamestre.com\/wp-content\/uploads\/2016\/06\/20160613_Recepta-ilustrada-magdalenes_ImmaMestre-620x877.jpg 620w, https:\/\/old.immamestre.com\/wp-content\/uploads\/2016\/06\/20160613_Recepta-ilustrada-magdalenes_ImmaMestre-750x1061.jpg 750w\" sizes=\"(max-width: 850px) 100vw, 850px\" \/><\/p>\n<p>Pots veure les altres receptes anteriors a l&#8217;<a href=\"http:\/\/immamestrecunillera.blogspot.com.es\/search\/label\/Receptes%20il%C2%B7lustrades\" target=\"_blank\">antic blog<\/a> o al <a href=\"http:\/\/www.immamestre.com\/receptes-il%c2%b7lustrades\/\">portfoli<\/a>.<\/p>\n<p>Ara que has vist que \u00e9s ben f\u00e0cil fer-la, <strong>prova-la!<\/strong>\u00a0Ja veur\u00e0s que no et decepcionar\u00e0. I quan les hagis fet, m&#8217;agradar\u00e0 que em comentis el teu punt de vista o si l&#8217;has adaptat als teus gustos i preferencies. <strong>Diga&#8217;m, com fas tu\u00a0les magdalenes?<\/strong> <strong>Millor per esmorzar o per berenar?<\/strong> T&#8217;espero en els comentaris.<\/p>\n<p><em><strong>Bon app\u00e9tit!<\/strong><\/em><\/p>\n<p><span style=\"color: #008798;\">&#8212;&#8211;<\/span><\/p>\n<p>[CAST]<\/p>\n<p>Hace unos d\u00edas hice magdalenas. Si me sigues en <a href=\"https:\/\/www.instagram.com\/immescu\/\" target=\"_blank\">instagram<\/a>\u00a0habr\u00e1s visto el delicioso resultado. Si no me sigues&#8230; \u00bfa\u00a0qu\u00e9 esperas? El caso es que hace dos meses fue mi cumplea\u00f1os y buscaba una manera dulce de celebrarlo pero escapando del t\u00edpico pastel. Buscaba una <strong>receta casera, f\u00e1cil de hacer y<\/strong> que tuviera <strong>un resultado espectacular.<\/strong> Fui descartando, de entre las recetas que ten\u00eda guardadas, las que ya hice en anteriores a\u00f1os, las que eran demasiado dif\u00edciles o elaboradas y finalmente encontr\u00e9 la receta perfecta.<\/p>\n<p>Un a\u00f1o atr\u00e1s la le\u00ed\u00a0en el blog de Anna de\u00a0<a href=\"http:\/\/www.drimvic.com\" target=\"_blank\">Drimvic<\/a>, que las prepar\u00f3 una tarda de un d\u00eda gris. Era un martes, pero decid\u00ed que ese mismo fin de semana probar\u00eda de hacerlas. <strong>Las magdalenas me gustan mucho, y <a href=\"http:\/\/www.drimvic.com\/2015\/06\/de-una-tarde-gris-y-unas-magdalenas-con.html\" target=\"_blank\">aquella receta<\/a>\u00a0no parec\u00eda\u00a0dif\u00edcil.<\/strong> Ese mismo s\u00e1bado, \u00a0le\u00ed la receta, mir\u00e9 si ten\u00eda todos los ingredientes y me puse a prepararla. No ten\u00eda todos los ingredientes, as\u00ed que hice unas peque\u00f1as modificaciones. \u00a0Y aqu\u00ed tienes <strong>mi versi\u00f3n de la receta de las magdalenas.<\/strong><\/p>\n<h1>Receta ilustrada para hacer\u00a0magdalenas<\/h1>\n<p>Reduje\u00a0el az\u00facar, sustitu\u00ed la naranja por la canela y listos. El resultado super\u00f3 mis expectativas.<\/p>\n<p>No las hice m\u00e1s hasta hace dos meses que, pensando c\u00f3mo celebrar mi cumplea\u00f1os, me vino\u00a0en\u00a0mente esta receta. Y desde abril, que cada fin de semana las preparo. <strong>No pueden estar m\u00e1s ricas.<\/strong><\/p>\n<p>He hecho estas madalenas\u00a0tantas veces que me s\u00e9 la receta de mem\u00f3ria y por eso he querido compartirla contigo y sumarla a las dem\u00e1s <a href=\"http:\/\/www.immamestre.com\/category\/illustrated-recipe\/\">recetas ilustradas<\/a>\u00a0que voy agrupando.<\/p>\n<p>Puedes ver las recetas anteriores en el <a href=\"http:\/\/immamestrecunillera.blogspot.com.es\/search\/label\/Receptes%20il%C2%B7lustrades\" target=\"_blank\">antiguo blog<\/a> o en el <a href=\"http:\/\/www.immamestre.com\/receptes-il%c2%b7lustrades\/\">portfolio<\/a>.<\/p>\n<p>Ahora que has visto que son tan f\u00e1ciles de cocinar, <strong>\u00a1pru\u00e9balas!<\/strong>\u00a0Ver\u00e1s que no te decepcionar\u00e1n. Y cuando las hayas hecho, me gustar\u00e1 que me comentes tus impresiones o si la has adaptado a tus gustos y preferencias. <strong>Dime, \u00bfC\u00f3mo haces tu las magdalenas?<\/strong> <strong>\u00bfMejora para desayunar o para merendar?<\/strong> Te espero en los comentarios.<\/p>\n<p><em><strong>Bon app\u00e9tit!<\/strong><\/em><\/p>\n<p><img loading=\"lazy\" decoding=\"async\" class=\"alignleft  wp-image-5217\" src=\"http:\/\/www.immamestre.com\/wp-content\/uploads\/2016\/06\/Signatura-posts-ImmaMestre2016.jpg\" alt=\"Signatura-posts-ImmaMestre2016\" width=\"89\" height=\"36\" srcset=\"https:\/\/old.immamestre.com\/wp-content\/uploads\/2016\/06\/Signatura-posts-ImmaMestre2016.jpg 170w, https:\/\/old.immamestre.com\/wp-content\/uploads\/2016\/06\/Signatura-posts-ImmaMestre2016-150x62.jpg 150w\" sizes=\"(max-width: 89px) 100vw, 89px\" \/><\/p>\n<p>&nbsp;<\/p>\n<p>&nbsp;<\/p>\n","protected":false},"excerpt":{"rendered":"<p>Fa uns dies vaig fer magdalenes. Si em segueixes per instagram ja haur\u00e0s vist el delici\u00f3s resultat. Si no em segueixes&#8230; a qu\u00e8 esperes? El cas \u00e9s que fa dos mesos va ser el meu aniversari i buscava celebrar-ho d&#8217;una manera dol\u00e7a per\u00f2 fugint del t\u00edpic past\u00eds. Buscava una recepta casolana, f\u00e0cil de fer i [&hellip;]<\/p>\n","protected":false},"author":1,"featured_media":5190,"comment_status":"open","ping_status":"open","sticky":false,"template":"","format":"standard","meta":{"_et_pb_use_builder":"","_et_pb_old_content":"","_et_gb_content_width":"","_monsterinsights_skip_tracking":false,"_monsterinsights_sitenote_active":false,"_monsterinsights_sitenote_note":"","_monsterinsights_sitenote_category":0,"footnotes":""},"categories":[217,241],"tags":[],"class_list":["post-5188","post","type-post","status-publish","format-standard","has-post-thumbnail","hentry","category-blog","category-recetas-ilustradas"],"yoast_head":"<!-- This site is optimized with the Yoast SEO plugin v26.1.1 - https:\/\/yoast.com\/wordpress\/plugins\/seo\/ -->\n<title>Recepta il\u00b7lustrada: Com fer magdalenes<\/title>\n<meta name=\"description\" content=\"Recepta il\u00b7lustrada sobre com fer magdalenes i base de cupcakes d&#039;una manera, senzilla, casolana i molt bona per esmorzar, berenar o celebracions.\" \/>\n<meta name=\"robots\" content=\"index, follow, max-snippet:-1, max-image-preview:large, max-video-preview:-1\" \/>\n<link rel=\"canonical\" href=\"https:\/\/old.immamestre.com\/es\/recepta-magdalenes\/\" \/>\n<meta property=\"og:locale\" content=\"es_ES\" \/>\n<meta property=\"og:type\" content=\"article\" \/>\n<meta property=\"og:title\" content=\"Recepta il\u00b7lustrada: Com fer magdalenes\" \/>\n<meta property=\"og:description\" content=\"Recepta il\u00b7lustrada sobre com fer magdalenes i base de cupcakes d&#039;una manera, senzilla, casolana i molt bona per esmorzar, berenar o celebracions.\" \/>\n<meta property=\"og:url\" content=\"https:\/\/old.immamestre.com\/es\/recepta-magdalenes\/\" \/>\n<meta property=\"og:site_name\" content=\"Imma Mestre | Ilustraci\u00f3n\" \/>\n<meta property=\"article:published_time\" content=\"2016-06-12T22:00:58+00:00\" \/>\n<meta property=\"article:modified_time\" content=\"2016-06-13T07:42:55+00:00\" \/>\n<meta property=\"og:image\" content=\"https:\/\/old.immamestre.com\/wp-content\/uploads\/2016\/06\/Portada-recepta-ilustrada-magdalenes_ImmaMestre.jpg\" \/>\n\t<meta property=\"og:image:width\" content=\"750\" \/>\n\t<meta property=\"og:image:height\" content=\"750\" \/>\n\t<meta property=\"og:image:type\" content=\"image\/jpeg\" \/>\n<meta name=\"author\" content=\"Imma Mestre\" \/>\n<meta name=\"twitter:label1\" content=\"Escrito por\" \/>\n\t<meta name=\"twitter:data1\" content=\"Imma Mestre\" \/>\n\t<meta name=\"twitter:label2\" content=\"Tiempo de lectura\" \/>\n\t<meta name=\"twitter:data2\" content=\"4 minutos\" \/>\n<script type=\"application\/ld+json\" class=\"yoast-schema-graph\">{\"@context\":\"https:\/\/schema.org\",\"@graph\":[{\"@type\":\"Article\",\"@id\":\"https:\/\/old.immamestre.com\/es\/recepta-magdalenes\/#article\",\"isPartOf\":{\"@id\":\"https:\/\/old.immamestre.com\/es\/recepta-magdalenes\/\"},\"author\":{\"name\":\"Imma Mestre\",\"@id\":\"https:\/\/old.immamestre.com\/#\/schema\/person\/f649c9039586af566b698906bc9da076\"},\"headline\":\"Recepta il\u00b7lustrada: Com fer magdalenes\",\"datePublished\":\"2016-06-12T22:00:58+00:00\",\"dateModified\":\"2016-06-13T07:42:55+00:00\",\"mainEntityOfPage\":{\"@id\":\"https:\/\/old.immamestre.com\/es\/recepta-magdalenes\/\"},\"wordCount\":750,\"commentCount\":2,\"publisher\":{\"@id\":\"https:\/\/old.immamestre.com\/#\/schema\/person\/f649c9039586af566b698906bc9da076\"},\"image\":{\"@id\":\"https:\/\/old.immamestre.com\/es\/recepta-magdalenes\/#primaryimage\"},\"thumbnailUrl\":\"https:\/\/old.immamestre.com\/wp-content\/uploads\/2016\/06\/Portada-recepta-ilustrada-magdalenes_ImmaMestre.jpg\",\"articleSection\":[\"Blog\",\"Recetas ilustradas\"],\"inLanguage\":\"es\",\"potentialAction\":[{\"@type\":\"CommentAction\",\"name\":\"Comment\",\"target\":[\"https:\/\/old.immamestre.com\/es\/recepta-magdalenes\/#respond\"]}]},{\"@type\":\"WebPage\",\"@id\":\"https:\/\/old.immamestre.com\/es\/recepta-magdalenes\/\",\"url\":\"https:\/\/old.immamestre.com\/es\/recepta-magdalenes\/\",\"name\":\"Recepta il\u00b7lustrada: Com fer magdalenes\",\"isPartOf\":{\"@id\":\"https:\/\/old.immamestre.com\/#website\"},\"primaryImageOfPage\":{\"@id\":\"https:\/\/old.immamestre.com\/es\/recepta-magdalenes\/#primaryimage\"},\"image\":{\"@id\":\"https:\/\/old.immamestre.com\/es\/recepta-magdalenes\/#primaryimage\"},\"thumbnailUrl\":\"https:\/\/old.immamestre.com\/wp-content\/uploads\/2016\/06\/Portada-recepta-ilustrada-magdalenes_ImmaMestre.jpg\",\"datePublished\":\"2016-06-12T22:00:58+00:00\",\"dateModified\":\"2016-06-13T07:42:55+00:00\",\"description\":\"Recepta il\u00b7lustrada sobre com fer magdalenes i base de cupcakes d'una manera, senzilla, casolana i molt bona per esmorzar, berenar o celebracions.\",\"breadcrumb\":{\"@id\":\"https:\/\/old.immamestre.com\/es\/recepta-magdalenes\/#breadcrumb\"},\"inLanguage\":\"es\",\"potentialAction\":[{\"@type\":\"ReadAction\",\"target\":[\"https:\/\/old.immamestre.com\/es\/recepta-magdalenes\/\"]}]},{\"@type\":\"ImageObject\",\"inLanguage\":\"es\",\"@id\":\"https:\/\/old.immamestre.com\/es\/recepta-magdalenes\/#primaryimage\",\"url\":\"https:\/\/old.immamestre.com\/wp-content\/uploads\/2016\/06\/Portada-recepta-ilustrada-magdalenes_ImmaMestre.jpg\",\"contentUrl\":\"https:\/\/old.immamestre.com\/wp-content\/uploads\/2016\/06\/Portada-recepta-ilustrada-magdalenes_ImmaMestre.jpg\",\"width\":750,\"height\":750,\"caption\":\"Portada-recepta-ilustrada-magdalenes_ImmaMestre\"},{\"@type\":\"BreadcrumbList\",\"@id\":\"https:\/\/old.immamestre.com\/es\/recepta-magdalenes\/#breadcrumb\",\"itemListElement\":[{\"@type\":\"ListItem\",\"position\":1,\"name\":\"Home\",\"item\":\"https:\/\/old.immamestre.com\/\"},{\"@type\":\"ListItem\",\"position\":2,\"name\":\"Recepta il\u00b7lustrada: Com fer magdalenes\"}]},{\"@type\":\"WebSite\",\"@id\":\"https:\/\/old.immamestre.com\/#website\",\"url\":\"https:\/\/old.immamestre.com\/\",\"name\":\"Imma Mestre | Ilustraci\u00f3n\",\"description\":\"ilustraci\u00f3n\",\"publisher\":{\"@id\":\"https:\/\/old.immamestre.com\/#\/schema\/person\/f649c9039586af566b698906bc9da076\"},\"potentialAction\":[{\"@type\":\"SearchAction\",\"target\":{\"@type\":\"EntryPoint\",\"urlTemplate\":\"https:\/\/old.immamestre.com\/?s={search_term_string}\"},\"query-input\":{\"@type\":\"PropertyValueSpecification\",\"valueRequired\":true,\"valueName\":\"search_term_string\"}}],\"inLanguage\":\"es\"},{\"@type\":[\"Person\",\"Organization\"],\"@id\":\"https:\/\/old.immamestre.com\/#\/schema\/person\/f649c9039586af566b698906bc9da076\",\"name\":\"Imma Mestre\",\"image\":{\"@type\":\"ImageObject\",\"inLanguage\":\"es\",\"@id\":\"https:\/\/old.immamestre.com\/#\/schema\/person\/image\/\",\"url\":\"https:\/\/secure.gravatar.com\/avatar\/fe9530742331fb8e4cb4de875d82303426947d472e41eb783b6dc62694aa6aff?s=96&d=mm&r=g\",\"contentUrl\":\"https:\/\/secure.gravatar.com\/avatar\/fe9530742331fb8e4cb4de875d82303426947d472e41eb783b6dc62694aa6aff?s=96&d=mm&r=g\",\"caption\":\"Imma Mestre\"},\"logo\":{\"@id\":\"https:\/\/old.immamestre.com\/#\/schema\/person\/image\/\"},\"description\":\"Hola soy Imma. Ilustradora. Hablo a trav\u00e9s de ilustraciones. Dame un l\u00e1piz y pinto tu mundo con historias ilustradas que te har\u00e1n despuntar.\",\"sameAs\":[\"https:\/\/www.immamestre.com\"],\"url\":\"https:\/\/old.immamestre.com\/es\/author\/alpha\/\"}]}<\/script>\n<!-- \/ Yoast SEO plugin. -->","yoast_head_json":{"title":"Recepta il\u00b7lustrada: Com fer magdalenes","description":"Recepta il\u00b7lustrada sobre com fer magdalenes i base de cupcakes d'una manera, senzilla, casolana i molt bona per esmorzar, berenar o celebracions.","robots":{"index":"index","follow":"follow","max-snippet":"max-snippet:-1","max-image-preview":"max-image-preview:large","max-video-preview":"max-video-preview:-1"},"canonical":"https:\/\/old.immamestre.com\/es\/recepta-magdalenes\/","og_locale":"es_ES","og_type":"article","og_title":"Recepta il\u00b7lustrada: Com fer magdalenes","og_description":"Recepta il\u00b7lustrada sobre com fer magdalenes i base de cupcakes d'una manera, senzilla, casolana i molt bona per esmorzar, berenar o celebracions.","og_url":"https:\/\/old.immamestre.com\/es\/recepta-magdalenes\/","og_site_name":"Imma Mestre | Ilustraci\u00f3n","article_published_time":"2016-06-12T22:00:58+00:00","article_modified_time":"2016-06-13T07:42:55+00:00","og_image":[{"width":750,"height":750,"url":"https:\/\/old.immamestre.com\/wp-content\/uploads\/2016\/06\/Portada-recepta-ilustrada-magdalenes_ImmaMestre.jpg","type":"image\/jpeg"}],"author":"Imma Mestre","twitter_misc":{"Escrito por":"Imma Mestre","Tiempo de lectura":"4 minutos"},"schema":{"@context":"https:\/\/schema.org","@graph":[{"@type":"Article","@id":"https:\/\/old.immamestre.com\/es\/recepta-magdalenes\/#article","isPartOf":{"@id":"https:\/\/old.immamestre.com\/es\/recepta-magdalenes\/"},"author":{"name":"Imma Mestre","@id":"https:\/\/old.immamestre.com\/#\/schema\/person\/f649c9039586af566b698906bc9da076"},"headline":"Recepta il\u00b7lustrada: Com fer magdalenes","datePublished":"2016-06-12T22:00:58+00:00","dateModified":"2016-06-13T07:42:55+00:00","mainEntityOfPage":{"@id":"https:\/\/old.immamestre.com\/es\/recepta-magdalenes\/"},"wordCount":750,"commentCount":2,"publisher":{"@id":"https:\/\/old.immamestre.com\/#\/schema\/person\/f649c9039586af566b698906bc9da076"},"image":{"@id":"https:\/\/old.immamestre.com\/es\/recepta-magdalenes\/#primaryimage"},"thumbnailUrl":"https:\/\/old.immamestre.com\/wp-content\/uploads\/2016\/06\/Portada-recepta-ilustrada-magdalenes_ImmaMestre.jpg","articleSection":["Blog","Recetas ilustradas"],"inLanguage":"es","potentialAction":[{"@type":"CommentAction","name":"Comment","target":["https:\/\/old.immamestre.com\/es\/recepta-magdalenes\/#respond"]}]},{"@type":"WebPage","@id":"https:\/\/old.immamestre.com\/es\/recepta-magdalenes\/","url":"https:\/\/old.immamestre.com\/es\/recepta-magdalenes\/","name":"Recepta il\u00b7lustrada: Com fer magdalenes","isPartOf":{"@id":"https:\/\/old.immamestre.com\/#website"},"primaryImageOfPage":{"@id":"https:\/\/old.immamestre.com\/es\/recepta-magdalenes\/#primaryimage"},"image":{"@id":"https:\/\/old.immamestre.com\/es\/recepta-magdalenes\/#primaryimage"},"thumbnailUrl":"https:\/\/old.immamestre.com\/wp-content\/uploads\/2016\/06\/Portada-recepta-ilustrada-magdalenes_ImmaMestre.jpg","datePublished":"2016-06-12T22:00:58+00:00","dateModified":"2016-06-13T07:42:55+00:00","description":"Recepta il\u00b7lustrada sobre com fer magdalenes i base de cupcakes d'una manera, senzilla, casolana i molt bona per esmorzar, berenar o celebracions.","breadcrumb":{"@id":"https:\/\/old.immamestre.com\/es\/recepta-magdalenes\/#breadcrumb"},"inLanguage":"es","potentialAction":[{"@type":"ReadAction","target":["https:\/\/old.immamestre.com\/es\/recepta-magdalenes\/"]}]},{"@type":"ImageObject","inLanguage":"es","@id":"https:\/\/old.immamestre.com\/es\/recepta-magdalenes\/#primaryimage","url":"https:\/\/old.immamestre.com\/wp-content\/uploads\/2016\/06\/Portada-recepta-ilustrada-magdalenes_ImmaMestre.jpg","contentUrl":"https:\/\/old.immamestre.com\/wp-content\/uploads\/2016\/06\/Portada-recepta-ilustrada-magdalenes_ImmaMestre.jpg","width":750,"height":750,"caption":"Portada-recepta-ilustrada-magdalenes_ImmaMestre"},{"@type":"BreadcrumbList","@id":"https:\/\/old.immamestre.com\/es\/recepta-magdalenes\/#breadcrumb","itemListElement":[{"@type":"ListItem","position":1,"name":"Home","item":"https:\/\/old.immamestre.com\/"},{"@type":"ListItem","position":2,"name":"Recepta il\u00b7lustrada: Com fer magdalenes"}]},{"@type":"WebSite","@id":"https:\/\/old.immamestre.com\/#website","url":"https:\/\/old.immamestre.com\/","name":"Imma Mestre | Ilustraci\u00f3n","description":"ilustraci\u00f3n","publisher":{"@id":"https:\/\/old.immamestre.com\/#\/schema\/person\/f649c9039586af566b698906bc9da076"},"potentialAction":[{"@type":"SearchAction","target":{"@type":"EntryPoint","urlTemplate":"https:\/\/old.immamestre.com\/?s={search_term_string}"},"query-input":{"@type":"PropertyValueSpecification","valueRequired":true,"valueName":"search_term_string"}}],"inLanguage":"es"},{"@type":["Person","Organization"],"@id":"https:\/\/old.immamestre.com\/#\/schema\/person\/f649c9039586af566b698906bc9da076","name":"Imma Mestre","image":{"@type":"ImageObject","inLanguage":"es","@id":"https:\/\/old.immamestre.com\/#\/schema\/person\/image\/","url":"https:\/\/secure.gravatar.com\/avatar\/fe9530742331fb8e4cb4de875d82303426947d472e41eb783b6dc62694aa6aff?s=96&d=mm&r=g","contentUrl":"https:\/\/secure.gravatar.com\/avatar\/fe9530742331fb8e4cb4de875d82303426947d472e41eb783b6dc62694aa6aff?s=96&d=mm&r=g","caption":"Imma Mestre"},"logo":{"@id":"https:\/\/old.immamestre.com\/#\/schema\/person\/image\/"},"description":"Hola soy Imma. Ilustradora. Hablo a trav\u00e9s de ilustraciones. Dame un l\u00e1piz y pinto tu mundo con historias ilustradas que te har\u00e1n despuntar.","sameAs":["https:\/\/www.immamestre.com"],"url":"https:\/\/old.immamestre.com\/es\/author\/alpha\/"}]}},"_links":{"self":[{"href":"https:\/\/old.immamestre.com\/es\/wp-json\/wp\/v2\/posts\/5188","targetHints":{"allow":["GET"]}}],"collection":[{"href":"https:\/\/old.immamestre.com\/es\/wp-json\/wp\/v2\/posts"}],"about":[{"href":"https:\/\/old.immamestre.com\/es\/wp-json\/wp\/v2\/types\/post"}],"author":[{"embeddable":true,"href":"https:\/\/old.immamestre.com\/es\/wp-json\/wp\/v2\/users\/1"}],"replies":[{"embeddable":true,"href":"https:\/\/old.immamestre.com\/es\/wp-json\/wp\/v2\/comments?post=5188"}],"version-history":[{"count":25,"href":"https:\/\/old.immamestre.com\/es\/wp-json\/wp\/v2\/posts\/5188\/revisions"}],"predecessor-version":[{"id":5218,"href":"https:\/\/old.immamestre.com\/es\/wp-json\/wp\/v2\/posts\/5188\/revisions\/5218"}],"wp:featuredmedia":[{"embeddable":true,"href":"https:\/\/old.immamestre.com\/es\/wp-json\/wp\/v2\/media\/5190"}],"wp:attachment":[{"href":"https:\/\/old.immamestre.com\/es\/wp-json\/wp\/v2\/media?parent=5188"}],"wp:term":[{"taxonomy":"category","embeddable":true,"href":"https:\/\/old.immamestre.com\/es\/wp-json\/wp\/v2\/categories?post=5188"},{"taxonomy":"post_tag","embeddable":true,"href":"https:\/\/old.immamestre.com\/es\/wp-json\/wp\/v2\/tags?post=5188"}],"curies":[{"name":"wp","href":"https:\/\/api.w.org\/{rel}","templated":true}]}}