{"id":4815,"date":"2016-03-06T23:13:55","date_gmt":"2016-03-06T22:13:55","guid":{"rendered":"http:\/\/www.immamestre.com\/?p=4815"},"modified":"2018-07-12T10:19:00","modified_gmt":"2018-07-12T08:19:00","slug":"pinzell-personalitzat","status":"publish","type":"post","link":"https:\/\/old.immamestre.com\/es\/pinzell-personalitzat\/","title":{"rendered":"Crear el teu pinzell personalitzat tipus ll\u00e0pis amb photoshop"},"content":{"rendered":"<p><span style=\"color: #ed8b00;\"><strong>* Versi\u00f3n en castellano, al final del post<\/strong><\/span><\/p>\n<p>[CAT]<\/p>\n<p>No estic descobrint la sopa d&#8217;all, i s\u00e9 que hi ha molts tutorials a internet per crear pinzells personalitzats, per\u00f2 a mi m&#8217;ha obert tot un m\u00f3n i per aix\u00f2 volia compartir-ho donant la meva visi\u00f3 amb les caracter\u00edstiques que a mi em funcionen. Vols saber quines s\u00f3n?<\/p>\n<p><!--more--><\/p>\n<p>Es tracta d&#8217;anar jugant amb els par\u00e0metres que tens en el quadre de di\u00e0leg del men\u00fa pinzells. Segons el tra\u00e7 que vulguis aconseguir posar\u00e0s uns valors o uns altres i activar\u00e0s unes opcions o unes altres. El pinzell personalitzat que jo volia crear el vaig treure del blog http:\/\/www.brocharoja.blogspot.com.es<\/p>\n<h1>Pas a pas per crear el teu propi pinzell personalitzat estil ll\u00e0pis<\/h1>\n<p><span style=\"color: #008798;\"><strong>1.<\/strong> <\/span>Obre el Photoshop i clica l&#8217;eina de pinzell. Despr\u00e9s clica en el desplegable que surt a dalt a l&#8217;esquerra, per poder escollir el pinzell del qual partirem. Pots escollir el que vulguis. Jo parteixo del que est\u00e0 remarcat a la imatge de baix (salpicadura 39px) perqu\u00e8 \u00e9s el que acostumo a utilitzar.<\/p>\n<p><img loading=\"lazy\" decoding=\"async\" class=\"alignleft size-full wp-image-4817\" src=\"http:\/\/www.immamestre.com\/wp-content\/uploads\/2016\/03\/20160307_Crear-pinzell_Pas1.jpg\" alt=\"20160307_Crear-pinzell_Pas1\" width=\"850\" height=\"586\" srcset=\"https:\/\/old.immamestre.com\/wp-content\/uploads\/2016\/03\/20160307_Crear-pinzell_Pas1.jpg 850w, https:\/\/old.immamestre.com\/wp-content\/uploads\/2016\/03\/20160307_Crear-pinzell_Pas1-600x414.jpg 600w, https:\/\/old.immamestre.com\/wp-content\/uploads\/2016\/03\/20160307_Crear-pinzell_Pas1-620x427.jpg 620w, https:\/\/old.immamestre.com\/wp-content\/uploads\/2016\/03\/20160307_Crear-pinzell_Pas1-768x529.jpg 768w\" sizes=\"(max-width: 850px) 100vw, 850px\" \/><\/p>\n<p><span style=\"color: #008798;\"><strong>2.<\/strong><\/span> A la barra d&#8217;eines de la dreta, clica l&#8217;icona del pot ple de pinzells perqu\u00e8 s&#8217;obri el quadre de di\u00e0leg de personalitzaci\u00f3 i clica les opcions que hi ha remarcades en blau a la imatge de sota.<\/p>\n<p><img loading=\"lazy\" decoding=\"async\" class=\"alignleft size-full wp-image-4818\" src=\"http:\/\/www.immamestre.com\/wp-content\/uploads\/2016\/03\/20160307_Crear-pinzell_Pas2.jpg\" alt=\"20160307_Crear-pinzell_Pas2\" width=\"850\" height=\"483\" srcset=\"https:\/\/old.immamestre.com\/wp-content\/uploads\/2016\/03\/20160307_Crear-pinzell_Pas2.jpg 850w, https:\/\/old.immamestre.com\/wp-content\/uploads\/2016\/03\/20160307_Crear-pinzell_Pas2-600x341.jpg 600w, https:\/\/old.immamestre.com\/wp-content\/uploads\/2016\/03\/20160307_Crear-pinzell_Pas2-620x352.jpg 620w, https:\/\/old.immamestre.com\/wp-content\/uploads\/2016\/03\/20160307_Crear-pinzell_Pas2-768x436.jpg 768w\" sizes=\"(max-width: 850px) 100vw, 850px\" \/><\/p>\n<p><span style=\"color: #008798;\"><strong>3.<\/strong> <\/span>D\u00f3na-li l&#8217;opci\u00f3, al desplegable <em>Control<\/em>, de <em>Pressi\u00f3 de la pluma<\/em> si vols que el pinzell vari\u00ef el gruix de l\u00ednia segons la pressi\u00f3 que facis amb el ratol\u00ed. Si no vols que tingui pressi\u00f3 variable,\u00a0posa-li l&#8217;opci\u00f3 <em>Desactivar<\/em>. Prova les altres opcions, si prefereixes uns altres efectes.<\/p>\n<p><img loading=\"lazy\" decoding=\"async\" class=\"alignleft size-full wp-image-4819\" src=\"http:\/\/www.immamestre.com\/wp-content\/uploads\/2016\/03\/20160307_Crear-pinzell_Pas3.jpg\" alt=\"20160307_Crear-pinzell_Pas3\" width=\"850\" height=\"603\" srcset=\"https:\/\/old.immamestre.com\/wp-content\/uploads\/2016\/03\/20160307_Crear-pinzell_Pas3.jpg 850w, https:\/\/old.immamestre.com\/wp-content\/uploads\/2016\/03\/20160307_Crear-pinzell_Pas3-600x426.jpg 600w, https:\/\/old.immamestre.com\/wp-content\/uploads\/2016\/03\/20160307_Crear-pinzell_Pas3-620x440.jpg 620w, https:\/\/old.immamestre.com\/wp-content\/uploads\/2016\/03\/20160307_Crear-pinzell_Pas3-768x545.jpg 768w\" sizes=\"(max-width: 850px) 100vw, 850px\" \/><\/p>\n<p><span style=\"color: #008798;\"><strong>4.<\/strong><\/span> Passem a donar-li textura rugosa. Per aix\u00f2, primer carregarem la biblioteca de textures m\u00e9s adient per aquest cas. Clica a l&#8217;opci\u00f3 de <em>Textura<\/em> del mateix quadre de di\u00e0leg (remarcat a la imatge, en blau) i seguiexi els passos indicats a la imatge.<\/p>\n<p><img loading=\"lazy\" decoding=\"async\" class=\"alignleft size-full wp-image-4820\" src=\"http:\/\/www.immamestre.com\/wp-content\/uploads\/2016\/03\/20160307_Crear-pinzell_Pas4.jpg\" alt=\"20160307_Crear-pinzell_Pas4\" width=\"850\" height=\"629\" srcset=\"https:\/\/old.immamestre.com\/wp-content\/uploads\/2016\/03\/20160307_Crear-pinzell_Pas4.jpg 850w, https:\/\/old.immamestre.com\/wp-content\/uploads\/2016\/03\/20160307_Crear-pinzell_Pas4-600x444.jpg 600w, https:\/\/old.immamestre.com\/wp-content\/uploads\/2016\/03\/20160307_Crear-pinzell_Pas4-620x459.jpg 620w, https:\/\/old.immamestre.com\/wp-content\/uploads\/2016\/03\/20160307_Crear-pinzell_Pas4-768x568.jpg 768w\" sizes=\"(max-width: 850px) 100vw, 850px\" \/><\/p>\n<p><span style=\"color: #008798;\"><strong>5.<\/strong> <\/span>Un cop carregada la textura, selecciona la textura que m\u00e9s t&#8217;agradi, jo he escollit la de pedra grisa.<\/p>\n<p><img loading=\"lazy\" decoding=\"async\" class=\"alignleft size-full wp-image-4821\" src=\"http:\/\/www.immamestre.com\/wp-content\/uploads\/2016\/03\/20160307_Crear-pinzell_Pas5.jpg\" alt=\"20160307_Crear-pinzell_Pas5\" width=\"849\" height=\"608\" srcset=\"https:\/\/old.immamestre.com\/wp-content\/uploads\/2016\/03\/20160307_Crear-pinzell_Pas5.jpg 849w, https:\/\/old.immamestre.com\/wp-content\/uploads\/2016\/03\/20160307_Crear-pinzell_Pas5-600x430.jpg 600w, https:\/\/old.immamestre.com\/wp-content\/uploads\/2016\/03\/20160307_Crear-pinzell_Pas5-620x444.jpg 620w, https:\/\/old.immamestre.com\/wp-content\/uploads\/2016\/03\/20160307_Crear-pinzell_Pas5-768x550.jpg 768w\" sizes=\"(max-width: 849px) 100vw, 849px\" \/><\/p>\n<p><span style=\"color: #008798;\"><strong>6.<\/strong> <\/span>Personalitza les caracter\u00edstiques de textura segons mostra la imatge, o juga amb els par\u00e0metres per ajustar-te a la que m\u00e9s t&#8217;agradi o que m\u00e9s s&#8217;adigui al teu estil. L&#8217;opci\u00f3 <em>Suavizar<\/em> es pot activar o desactivar segons el teu gust, per\u00f2 no es pot personalitzar. \u00c9s per donar-li m\u00e9s o menys duresa al pinzell.<\/p>\n<p><img loading=\"lazy\" decoding=\"async\" class=\"alignleft size-full wp-image-4822\" src=\"http:\/\/www.immamestre.com\/wp-content\/uploads\/2016\/03\/20160307_Crear-pinzell_Pas6.jpg\" alt=\"20160307_Crear-pinzell_Pas6\" width=\"849\" height=\"611\" srcset=\"https:\/\/old.immamestre.com\/wp-content\/uploads\/2016\/03\/20160307_Crear-pinzell_Pas6.jpg 849w, https:\/\/old.immamestre.com\/wp-content\/uploads\/2016\/03\/20160307_Crear-pinzell_Pas6-600x432.jpg 600w, https:\/\/old.immamestre.com\/wp-content\/uploads\/2016\/03\/20160307_Crear-pinzell_Pas6-620x446.jpg 620w, https:\/\/old.immamestre.com\/wp-content\/uploads\/2016\/03\/20160307_Crear-pinzell_Pas6-768x553.jpg 768w\" sizes=\"(max-width: 849px) 100vw, 849px\" \/><\/p>\n<p><strong><span style=\"color: #008798;\">7.<\/span><\/strong> I per \u00faltim, guarda el pinzell creat. Pots crear tants pinzells com necessitis. Nom\u00e9s \u00e9s q\u00fcesti\u00f3 que juguis amb tots aquests par\u00e0metres del quadre de di\u00e0leg i l&#8217;adaptis al teu estil. Per guardar el pinzell creat, primer clica a la icona que mostra en n\u00famero 1\u00a0i d\u00f3na-li un nom reconeixible al teu pinzell. Veur\u00e0s el nou pinzell si desplegues les mostres de pinzell de la part superior esquerra i\u00a0et desplaces a l&#8217;\u00faltima posici\u00f3, tal com mostra el punt 3 de la imatge seg\u00fcent:<\/p>\n<p><img loading=\"lazy\" decoding=\"async\" class=\"alignleft size-full wp-image-4823\" src=\"http:\/\/www.immamestre.com\/wp-content\/uploads\/2016\/03\/20160307_Crear-pinzell_Pas7.jpg\" alt=\"20160307_Crear-pinzell_Pas7\" width=\"850\" height=\"430\" srcset=\"https:\/\/old.immamestre.com\/wp-content\/uploads\/2016\/03\/20160307_Crear-pinzell_Pas7.jpg 850w, https:\/\/old.immamestre.com\/wp-content\/uploads\/2016\/03\/20160307_Crear-pinzell_Pas7-600x304.jpg 600w, https:\/\/old.immamestre.com\/wp-content\/uploads\/2016\/03\/20160307_Crear-pinzell_Pas7-620x314.jpg 620w, https:\/\/old.immamestre.com\/wp-content\/uploads\/2016\/03\/20160307_Crear-pinzell_Pas7-768x389.jpg 768w\" sizes=\"(max-width: 850px) 100vw, 850px\" \/><\/p>\n<p>Si has deixat l&#8217;opci\u00f3 de <em>Pressi\u00f3 de punta<\/em>, els tra\u00e7os que pots fer s\u00f3n aquests:<\/p>\n<p><img loading=\"lazy\" decoding=\"async\" class=\"alignleft size-full wp-image-4826\" src=\"http:\/\/www.immamestre.com\/wp-content\/uploads\/2016\/03\/20160307_Trazos-pinzell_ImmaMestre.jpg\" alt=\"20160307_Trazos-pinzell_ImmaMestre\" width=\"850\" height=\"461\" srcset=\"https:\/\/old.immamestre.com\/wp-content\/uploads\/2016\/03\/20160307_Trazos-pinzell_ImmaMestre.jpg 850w, https:\/\/old.immamestre.com\/wp-content\/uploads\/2016\/03\/20160307_Trazos-pinzell_ImmaMestre-600x325.jpg 600w, https:\/\/old.immamestre.com\/wp-content\/uploads\/2016\/03\/20160307_Trazos-pinzell_ImmaMestre-620x336.jpg 620w, https:\/\/old.immamestre.com\/wp-content\/uploads\/2016\/03\/20160307_Trazos-pinzell_ImmaMestre-768x417.jpg 768w\" sizes=\"(max-width: 850px) 100vw, 850px\" \/><\/p>\n<p>Ara nom\u00e9s \u00e9s q\u00fcesti\u00f3 de posar-te a pintar amb el teu nou pinzell personalitzat i provar noves formes i colors.<\/p>\n<p><img loading=\"lazy\" decoding=\"async\" class=\"alignleft size-full wp-image-4824\" src=\"http:\/\/www.immamestre.com\/wp-content\/uploads\/2016\/03\/20160307_Esbossant-dibuix-pinzell-photoshop_ImmaMestre.jpg\" alt=\"20160307_Esbossant-dibuix-pinzell-photoshop_ImmaMestre\" width=\"850\" height=\"515\" srcset=\"https:\/\/old.immamestre.com\/wp-content\/uploads\/2016\/03\/20160307_Esbossant-dibuix-pinzell-photoshop_ImmaMestre.jpg 850w, https:\/\/old.immamestre.com\/wp-content\/uploads\/2016\/03\/20160307_Esbossant-dibuix-pinzell-photoshop_ImmaMestre-600x364.jpg 600w, https:\/\/old.immamestre.com\/wp-content\/uploads\/2016\/03\/20160307_Esbossant-dibuix-pinzell-photoshop_ImmaMestre-620x376.jpg 620w, https:\/\/old.immamestre.com\/wp-content\/uploads\/2016\/03\/20160307_Esbossant-dibuix-pinzell-photoshop_ImmaMestre-768x465.jpg 768w\" sizes=\"(max-width: 850px) 100vw, 850px\" \/><\/p>\n<p>Espero que t&#8217;hagi agradat i et sigui \u00fatil. Pots deixar-me un comentari si tens alg\u00fan dubte. Te&#8217;l resoldr\u00e9 el m\u00e9s aviat possible.<\/p>\n<p>Saps\u00a0alg\u00fan altre m\u00e8tode per crear un pinzell personalitzat? pots deixar-me un comentari si et ve de gust compartir-ho. Per mi, sempre \u00e9s interessant con\u00e8ixer recursos nous.<\/p>\n<p><span style=\"color: #008798;\">&#8212;&#8212;&#8212;&#8212;&#8212;&#8212;&#8211;<\/span><\/p>\n<p>[CAST]<\/p>\n<p>Se trata de ir jugando con los par\u00e1metros\u00a0que tienes en el cuadro de di\u00e1logo del men\u00fa pinceles. Seg\u00fan el trazo que quieras conseguir pondr\u00e1s unos valores u otros y activar\u00e1s unas opciones u otras. El pincel personalizado que yo quer\u00eda crear lo saqu\u00e9 del blog http:\/\/www.brocharoja.blogspot.com.es.<\/p>\n<h1>Paso a paso para crear tu propio pincel personalizado estilo l\u00e1piz<\/h1>\n<p><span style=\"color: #008798;\"><strong>1.<\/strong> <\/span>Abre el Photoshop, y pulsa la herramienta de pincel. Despu\u00e9s pulsa en el desplegable que aparece arriba a la izquierda, para poder elegir el pincel del que partiremos. Puedes escoger el que quieras. Yo parto del que est\u00e1 remarcado en la primera imagen (salpicadura 39px) porque es el que suelo utilizar.<\/p>\n<p><span style=\"color: #008798;\"><strong>2.<\/strong><\/span> En la barra de herramientas de la derecha, pulsa el icono del bote lleno de pinceles para que se abra el cuadro de di\u00e1logo de personalizaci\u00f3n y clica las opciones que hay remarcadas en azul en la segunda imagen.<\/p>\n<p><span style=\"color: #008798;\"><strong>3.<\/strong><\/span> Dale la opci\u00f3n, en el desplegable <em>Control<\/em>, de <em>Presi\u00f3n de la pluma<\/em> si quieres que el pincel var\u00ede el grosor de l\u00ednea seg\u00fan la presi\u00f3n que hagas con el rat\u00f3n. Si no quieres que tenga presi\u00f3n variable, ponle la opci\u00f3n <em>Desactivar<\/em>. Prueba las otras opciones, si prefieres otros efectos.<\/p>\n<p><span style=\"color: #008798;\"><strong>4.<\/strong> <\/span>Pasamos a darle textura rugosa. Para ello, primero cargaremos la biblioteca de texturas m\u00e1s adecuado para este caso. Clica en la opci\u00f3n de <em>Textura<\/em> del mismo cuadro de di\u00e1logo (remarcado en la imagen, en azul) y sigue los pasos indicados en la imagen.<\/p>\n<p><span style=\"color: #008798;\"><strong>5.<\/strong> <\/span>Una vez cargada la textura, selecciona la textura que m\u00e1s te guste, yo he escogido la de piedra gris.<\/p>\n<p><span style=\"color: #008798;\"><strong>6.<\/strong><\/span> Personaliza las caracter\u00edsticas de textura seg\u00fan muestra la imagen, o juega con los par\u00e1metros para ajustarte a la que m\u00e1s te guste o que m\u00e1s se adecue a tu estilo. La opci\u00f3n suavizar se puede activar o desactivar seg\u00fan tu gusto, pero no se puede personalizar. Es para darle m\u00e1s o menos dureza al pincel.<\/p>\n<p><span style=\"color: #008798;\"><strong>7.<\/strong> <\/span>Y por \u00faltimo, guarda el pincel creado. Puedes crear tantos pinceles como necesites. S\u00f3lo es cuesti\u00f3n de que juegues con todos estos par\u00e1metros del cuadro de di\u00e1logo y la adaptes a tu estilo. Para guardar el pincel creado, primero haz clic en el icono que muestra en n\u00famero 1 de la antepen\u00faltima imagen y da un nombre reconocible a tu pincel. Ver\u00e1s el nuevo pincel si despliegas las muestras de pincel de la parte superior izquierda y te desplazas a la \u00faltima posici\u00f3n, tal como muestra el punto 3 de la dicha\u00a0imagen.<\/p>\n<p>Si has dejado la opci\u00f3n de <em>Presi\u00f3n de punta<\/em>, los trazos que puedes hacer son\u00a0los que muestran\u00a0la pen\u00faltima imagen.<\/p>\n<p>Ahora s\u00f3lo es cuesti\u00f3n de ponerte a pintar con tu nuevo pincel personalizado y probar nuevas formas y colores.<\/p>\n<p>Espero que te haya gustado y te sea \u00fatil. Puedes dejarme un comentario si tienes alguna duda. Te lo resolver\u00e9 lo antes posible.<\/p>\n<p>\u00bfSabes alg\u00fan otro m\u00e9todo para crear pinceles personalizados? puedes dejarme un comentario si te apetece compartirlo. Para mi, siempre es interesante conocer recursos nuevos.<\/p>\n<p><span style=\"color: #008798;\">&#8212;&#8212;&#8212;&#8212;&#8212;&#8212;&#8211;<\/span><\/p>\n","protected":false},"excerpt":{"rendered":"<p>* Versi\u00f3n en castellano, al final del post [CAT] No estic descobrint la sopa d&#8217;all, i s\u00e9 que hi ha molts tutorials a internet per crear pinzells personalitzats, per\u00f2 a mi m&#8217;ha obert tot un m\u00f3n i per aix\u00f2 volia compartir-ho donant la meva visi\u00f3 amb les caracter\u00edstiques que a mi em funcionen. Vols saber [&hellip;]<\/p>\n","protected":false},"author":1,"featured_media":4816,"comment_status":"open","ping_status":"open","sticky":false,"template":"","format":"standard","meta":{"_et_pb_use_builder":"","_et_pb_old_content":"","_et_gb_content_width":"","_monsterinsights_skip_tracking":false,"_monsterinsights_sitenote_active":false,"_monsterinsights_sitenote_note":"","_monsterinsights_sitenote_category":0,"footnotes":""},"categories":[217,243],"tags":[284,285,283],"class_list":["post-4815","post","type-post","status-publish","format-standard","has-post-thumbnail","hentry","category-blog","category-recursos","tag-personalitzar","tag-photoshop","tag-pinzells"],"yoast_head":"<!-- This site is optimized with the Yoast SEO plugin v26.1.1 - https:\/\/yoast.com\/wordpress\/plugins\/seo\/ -->\n<title>Crear el teu pinzell personalitzat tipus ll\u00e0pis amb photoshop<\/title>\n<meta name=\"description\" content=\"Crea el teu propi pinzell personalitzat tipus ll\u00e0pis amb aquest senzill tutorial per Photoshop i d\u00f3na un aspecte manual a les teves il\u00b7lustracions digitals.\" \/>\n<meta name=\"robots\" content=\"index, follow, max-snippet:-1, max-image-preview:large, max-video-preview:-1\" \/>\n<link rel=\"canonical\" href=\"https:\/\/old.immamestre.com\/es\/pinzell-personalitzat\/\" \/>\n<meta property=\"og:locale\" content=\"es_ES\" \/>\n<meta property=\"og:type\" content=\"article\" \/>\n<meta property=\"og:title\" content=\"Crear el teu pinzell personalitzat tipus ll\u00e0pis amb photoshop\" \/>\n<meta property=\"og:description\" content=\"Crea el teu propi pinzell personalitzat tipus ll\u00e0pis amb aquest senzill tutorial per Photoshop i d\u00f3na un aspecte manual a les teves il\u00b7lustracions digitals.\" \/>\n<meta property=\"og:url\" content=\"https:\/\/old.immamestre.com\/es\/pinzell-personalitzat\/\" \/>\n<meta property=\"og:site_name\" content=\"Imma Mestre | Ilustraci\u00f3n\" \/>\n<meta property=\"article:published_time\" content=\"2016-03-06T22:13:55+00:00\" \/>\n<meta property=\"article:modified_time\" content=\"2018-07-12T08:19:00+00:00\" \/>\n<meta property=\"og:image\" content=\"https:\/\/old.immamestre.com\/wp-content\/uploads\/2016\/03\/20160307_Entrada-blog-tutorial-pinzell-photoshop_ImmaMestre.jpg\" \/>\n\t<meta property=\"og:image:width\" content=\"850\" \/>\n\t<meta property=\"og:image:height\" content=\"445\" \/>\n\t<meta property=\"og:image:type\" content=\"image\/jpeg\" \/>\n<meta name=\"author\" content=\"Imma Mestre\" \/>\n<meta name=\"twitter:label1\" content=\"Escrito por\" \/>\n\t<meta name=\"twitter:data1\" content=\"Imma Mestre\" \/>\n\t<meta name=\"twitter:label2\" content=\"Tiempo de lectura\" \/>\n\t<meta name=\"twitter:data2\" content=\"6 minutos\" \/>\n<script type=\"application\/ld+json\" class=\"yoast-schema-graph\">{\"@context\":\"https:\/\/schema.org\",\"@graph\":[{\"@type\":\"Article\",\"@id\":\"https:\/\/old.immamestre.com\/es\/pinzell-personalitzat\/#article\",\"isPartOf\":{\"@id\":\"https:\/\/old.immamestre.com\/es\/pinzell-personalitzat\/\"},\"author\":{\"name\":\"Imma Mestre\",\"@id\":\"https:\/\/old.immamestre.com\/#\/schema\/person\/f649c9039586af566b698906bc9da076\"},\"headline\":\"Crear el teu pinzell personalitzat tipus ll\u00e0pis amb photoshop\",\"datePublished\":\"2016-03-06T22:13:55+00:00\",\"dateModified\":\"2018-07-12T08:19:00+00:00\",\"mainEntityOfPage\":{\"@id\":\"https:\/\/old.immamestre.com\/es\/pinzell-personalitzat\/\"},\"wordCount\":1152,\"commentCount\":4,\"publisher\":{\"@id\":\"https:\/\/old.immamestre.com\/#\/schema\/person\/f649c9039586af566b698906bc9da076\"},\"image\":{\"@id\":\"https:\/\/old.immamestre.com\/es\/pinzell-personalitzat\/#primaryimage\"},\"thumbnailUrl\":\"https:\/\/old.immamestre.com\/wp-content\/uploads\/2016\/03\/20160307_Entrada-blog-tutorial-pinzell-photoshop_ImmaMestre.jpg\",\"keywords\":[\"personalitzar\",\"photoshop\",\"pinzells\"],\"articleSection\":[\"Blog\",\"Recursos\"],\"inLanguage\":\"es\",\"potentialAction\":[{\"@type\":\"CommentAction\",\"name\":\"Comment\",\"target\":[\"https:\/\/old.immamestre.com\/es\/pinzell-personalitzat\/#respond\"]}]},{\"@type\":\"WebPage\",\"@id\":\"https:\/\/old.immamestre.com\/es\/pinzell-personalitzat\/\",\"url\":\"https:\/\/old.immamestre.com\/es\/pinzell-personalitzat\/\",\"name\":\"Crear el teu pinzell personalitzat tipus ll\u00e0pis amb photoshop\",\"isPartOf\":{\"@id\":\"https:\/\/old.immamestre.com\/#website\"},\"primaryImageOfPage\":{\"@id\":\"https:\/\/old.immamestre.com\/es\/pinzell-personalitzat\/#primaryimage\"},\"image\":{\"@id\":\"https:\/\/old.immamestre.com\/es\/pinzell-personalitzat\/#primaryimage\"},\"thumbnailUrl\":\"https:\/\/old.immamestre.com\/wp-content\/uploads\/2016\/03\/20160307_Entrada-blog-tutorial-pinzell-photoshop_ImmaMestre.jpg\",\"datePublished\":\"2016-03-06T22:13:55+00:00\",\"dateModified\":\"2018-07-12T08:19:00+00:00\",\"description\":\"Crea el teu propi pinzell personalitzat tipus ll\u00e0pis amb aquest senzill tutorial per Photoshop i d\u00f3na un aspecte manual a les teves il\u00b7lustracions digitals.\",\"breadcrumb\":{\"@id\":\"https:\/\/old.immamestre.com\/es\/pinzell-personalitzat\/#breadcrumb\"},\"inLanguage\":\"es\",\"potentialAction\":[{\"@type\":\"ReadAction\",\"target\":[\"https:\/\/old.immamestre.com\/es\/pinzell-personalitzat\/\"]}]},{\"@type\":\"ImageObject\",\"inLanguage\":\"es\",\"@id\":\"https:\/\/old.immamestre.com\/es\/pinzell-personalitzat\/#primaryimage\",\"url\":\"https:\/\/old.immamestre.com\/wp-content\/uploads\/2016\/03\/20160307_Entrada-blog-tutorial-pinzell-photoshop_ImmaMestre.jpg\",\"contentUrl\":\"https:\/\/old.immamestre.com\/wp-content\/uploads\/2016\/03\/20160307_Entrada-blog-tutorial-pinzell-photoshop_ImmaMestre.jpg\",\"width\":850,\"height\":445},{\"@type\":\"BreadcrumbList\",\"@id\":\"https:\/\/old.immamestre.com\/es\/pinzell-personalitzat\/#breadcrumb\",\"itemListElement\":[{\"@type\":\"ListItem\",\"position\":1,\"name\":\"Home\",\"item\":\"https:\/\/old.immamestre.com\/\"},{\"@type\":\"ListItem\",\"position\":2,\"name\":\"Crear el teu pinzell personalitzat tipus ll\u00e0pis amb photoshop\"}]},{\"@type\":\"WebSite\",\"@id\":\"https:\/\/old.immamestre.com\/#website\",\"url\":\"https:\/\/old.immamestre.com\/\",\"name\":\"Imma Mestre | Ilustraci\u00f3n\",\"description\":\"ilustraci\u00f3n\",\"publisher\":{\"@id\":\"https:\/\/old.immamestre.com\/#\/schema\/person\/f649c9039586af566b698906bc9da076\"},\"potentialAction\":[{\"@type\":\"SearchAction\",\"target\":{\"@type\":\"EntryPoint\",\"urlTemplate\":\"https:\/\/old.immamestre.com\/?s={search_term_string}\"},\"query-input\":{\"@type\":\"PropertyValueSpecification\",\"valueRequired\":true,\"valueName\":\"search_term_string\"}}],\"inLanguage\":\"es\"},{\"@type\":[\"Person\",\"Organization\"],\"@id\":\"https:\/\/old.immamestre.com\/#\/schema\/person\/f649c9039586af566b698906bc9da076\",\"name\":\"Imma Mestre\",\"image\":{\"@type\":\"ImageObject\",\"inLanguage\":\"es\",\"@id\":\"https:\/\/old.immamestre.com\/#\/schema\/person\/image\/\",\"url\":\"https:\/\/secure.gravatar.com\/avatar\/fe9530742331fb8e4cb4de875d82303426947d472e41eb783b6dc62694aa6aff?s=96&d=mm&r=g\",\"contentUrl\":\"https:\/\/secure.gravatar.com\/avatar\/fe9530742331fb8e4cb4de875d82303426947d472e41eb783b6dc62694aa6aff?s=96&d=mm&r=g\",\"caption\":\"Imma Mestre\"},\"logo\":{\"@id\":\"https:\/\/old.immamestre.com\/#\/schema\/person\/image\/\"},\"description\":\"Hola soy Imma. Ilustradora. Hablo a trav\u00e9s de ilustraciones. Dame un l\u00e1piz y pinto tu mundo con historias ilustradas que te har\u00e1n despuntar.\",\"sameAs\":[\"https:\/\/www.immamestre.com\"],\"url\":\"https:\/\/old.immamestre.com\/es\/author\/alpha\/\"}]}<\/script>\n<!-- \/ Yoast SEO plugin. -->","yoast_head_json":{"title":"Crear el teu pinzell personalitzat tipus ll\u00e0pis amb photoshop","description":"Crea el teu propi pinzell personalitzat tipus ll\u00e0pis amb aquest senzill tutorial per Photoshop i d\u00f3na un aspecte manual a les teves il\u00b7lustracions digitals.","robots":{"index":"index","follow":"follow","max-snippet":"max-snippet:-1","max-image-preview":"max-image-preview:large","max-video-preview":"max-video-preview:-1"},"canonical":"https:\/\/old.immamestre.com\/es\/pinzell-personalitzat\/","og_locale":"es_ES","og_type":"article","og_title":"Crear el teu pinzell personalitzat tipus ll\u00e0pis amb photoshop","og_description":"Crea el teu propi pinzell personalitzat tipus ll\u00e0pis amb aquest senzill tutorial per Photoshop i d\u00f3na un aspecte manual a les teves il\u00b7lustracions digitals.","og_url":"https:\/\/old.immamestre.com\/es\/pinzell-personalitzat\/","og_site_name":"Imma Mestre | Ilustraci\u00f3n","article_published_time":"2016-03-06T22:13:55+00:00","article_modified_time":"2018-07-12T08:19:00+00:00","og_image":[{"width":850,"height":445,"url":"https:\/\/old.immamestre.com\/wp-content\/uploads\/2016\/03\/20160307_Entrada-blog-tutorial-pinzell-photoshop_ImmaMestre.jpg","type":"image\/jpeg"}],"author":"Imma Mestre","twitter_misc":{"Escrito por":"Imma Mestre","Tiempo de lectura":"6 minutos"},"schema":{"@context":"https:\/\/schema.org","@graph":[{"@type":"Article","@id":"https:\/\/old.immamestre.com\/es\/pinzell-personalitzat\/#article","isPartOf":{"@id":"https:\/\/old.immamestre.com\/es\/pinzell-personalitzat\/"},"author":{"name":"Imma Mestre","@id":"https:\/\/old.immamestre.com\/#\/schema\/person\/f649c9039586af566b698906bc9da076"},"headline":"Crear el teu pinzell personalitzat tipus ll\u00e0pis amb photoshop","datePublished":"2016-03-06T22:13:55+00:00","dateModified":"2018-07-12T08:19:00+00:00","mainEntityOfPage":{"@id":"https:\/\/old.immamestre.com\/es\/pinzell-personalitzat\/"},"wordCount":1152,"commentCount":4,"publisher":{"@id":"https:\/\/old.immamestre.com\/#\/schema\/person\/f649c9039586af566b698906bc9da076"},"image":{"@id":"https:\/\/old.immamestre.com\/es\/pinzell-personalitzat\/#primaryimage"},"thumbnailUrl":"https:\/\/old.immamestre.com\/wp-content\/uploads\/2016\/03\/20160307_Entrada-blog-tutorial-pinzell-photoshop_ImmaMestre.jpg","keywords":["personalitzar","photoshop","pinzells"],"articleSection":["Blog","Recursos"],"inLanguage":"es","potentialAction":[{"@type":"CommentAction","name":"Comment","target":["https:\/\/old.immamestre.com\/es\/pinzell-personalitzat\/#respond"]}]},{"@type":"WebPage","@id":"https:\/\/old.immamestre.com\/es\/pinzell-personalitzat\/","url":"https:\/\/old.immamestre.com\/es\/pinzell-personalitzat\/","name":"Crear el teu pinzell personalitzat tipus ll\u00e0pis amb photoshop","isPartOf":{"@id":"https:\/\/old.immamestre.com\/#website"},"primaryImageOfPage":{"@id":"https:\/\/old.immamestre.com\/es\/pinzell-personalitzat\/#primaryimage"},"image":{"@id":"https:\/\/old.immamestre.com\/es\/pinzell-personalitzat\/#primaryimage"},"thumbnailUrl":"https:\/\/old.immamestre.com\/wp-content\/uploads\/2016\/03\/20160307_Entrada-blog-tutorial-pinzell-photoshop_ImmaMestre.jpg","datePublished":"2016-03-06T22:13:55+00:00","dateModified":"2018-07-12T08:19:00+00:00","description":"Crea el teu propi pinzell personalitzat tipus ll\u00e0pis amb aquest senzill tutorial per Photoshop i d\u00f3na un aspecte manual a les teves il\u00b7lustracions digitals.","breadcrumb":{"@id":"https:\/\/old.immamestre.com\/es\/pinzell-personalitzat\/#breadcrumb"},"inLanguage":"es","potentialAction":[{"@type":"ReadAction","target":["https:\/\/old.immamestre.com\/es\/pinzell-personalitzat\/"]}]},{"@type":"ImageObject","inLanguage":"es","@id":"https:\/\/old.immamestre.com\/es\/pinzell-personalitzat\/#primaryimage","url":"https:\/\/old.immamestre.com\/wp-content\/uploads\/2016\/03\/20160307_Entrada-blog-tutorial-pinzell-photoshop_ImmaMestre.jpg","contentUrl":"https:\/\/old.immamestre.com\/wp-content\/uploads\/2016\/03\/20160307_Entrada-blog-tutorial-pinzell-photoshop_ImmaMestre.jpg","width":850,"height":445},{"@type":"BreadcrumbList","@id":"https:\/\/old.immamestre.com\/es\/pinzell-personalitzat\/#breadcrumb","itemListElement":[{"@type":"ListItem","position":1,"name":"Home","item":"https:\/\/old.immamestre.com\/"},{"@type":"ListItem","position":2,"name":"Crear el teu pinzell personalitzat tipus ll\u00e0pis amb photoshop"}]},{"@type":"WebSite","@id":"https:\/\/old.immamestre.com\/#website","url":"https:\/\/old.immamestre.com\/","name":"Imma Mestre | Ilustraci\u00f3n","description":"ilustraci\u00f3n","publisher":{"@id":"https:\/\/old.immamestre.com\/#\/schema\/person\/f649c9039586af566b698906bc9da076"},"potentialAction":[{"@type":"SearchAction","target":{"@type":"EntryPoint","urlTemplate":"https:\/\/old.immamestre.com\/?s={search_term_string}"},"query-input":{"@type":"PropertyValueSpecification","valueRequired":true,"valueName":"search_term_string"}}],"inLanguage":"es"},{"@type":["Person","Organization"],"@id":"https:\/\/old.immamestre.com\/#\/schema\/person\/f649c9039586af566b698906bc9da076","name":"Imma Mestre","image":{"@type":"ImageObject","inLanguage":"es","@id":"https:\/\/old.immamestre.com\/#\/schema\/person\/image\/","url":"https:\/\/secure.gravatar.com\/avatar\/fe9530742331fb8e4cb4de875d82303426947d472e41eb783b6dc62694aa6aff?s=96&d=mm&r=g","contentUrl":"https:\/\/secure.gravatar.com\/avatar\/fe9530742331fb8e4cb4de875d82303426947d472e41eb783b6dc62694aa6aff?s=96&d=mm&r=g","caption":"Imma Mestre"},"logo":{"@id":"https:\/\/old.immamestre.com\/#\/schema\/person\/image\/"},"description":"Hola soy Imma. Ilustradora. Hablo a trav\u00e9s de ilustraciones. Dame un l\u00e1piz y pinto tu mundo con historias ilustradas que te har\u00e1n despuntar.","sameAs":["https:\/\/www.immamestre.com"],"url":"https:\/\/old.immamestre.com\/es\/author\/alpha\/"}]}},"_links":{"self":[{"href":"https:\/\/old.immamestre.com\/es\/wp-json\/wp\/v2\/posts\/4815","targetHints":{"allow":["GET"]}}],"collection":[{"href":"https:\/\/old.immamestre.com\/es\/wp-json\/wp\/v2\/posts"}],"about":[{"href":"https:\/\/old.immamestre.com\/es\/wp-json\/wp\/v2\/types\/post"}],"author":[{"embeddable":true,"href":"https:\/\/old.immamestre.com\/es\/wp-json\/wp\/v2\/users\/1"}],"replies":[{"embeddable":true,"href":"https:\/\/old.immamestre.com\/es\/wp-json\/wp\/v2\/comments?post=4815"}],"version-history":[{"count":15,"href":"https:\/\/old.immamestre.com\/es\/wp-json\/wp\/v2\/posts\/4815\/revisions"}],"predecessor-version":[{"id":4829,"href":"https:\/\/old.immamestre.com\/es\/wp-json\/wp\/v2\/posts\/4815\/revisions\/4829"}],"wp:featuredmedia":[{"embeddable":true,"href":"https:\/\/old.immamestre.com\/es\/wp-json\/wp\/v2\/media\/4816"}],"wp:attachment":[{"href":"https:\/\/old.immamestre.com\/es\/wp-json\/wp\/v2\/media?parent=4815"}],"wp:term":[{"taxonomy":"category","embeddable":true,"href":"https:\/\/old.immamestre.com\/es\/wp-json\/wp\/v2\/categories?post=4815"},{"taxonomy":"post_tag","embeddable":true,"href":"https:\/\/old.immamestre.com\/es\/wp-json\/wp\/v2\/tags?post=4815"}],"curies":[{"name":"wp","href":"https:\/\/api.w.org\/{rel}","templated":true}]}}