{"id":10597,"date":"2018-09-10T13:17:39","date_gmt":"2018-09-10T11:17:39","guid":{"rendered":"https:\/\/www.immamestre.com\/?p=10597"},"modified":"2018-09-10T13:52:33","modified_gmt":"2018-09-10T11:52:33","slug":"mis-vacaciones-la-rutina-vuelta-al-cole-vuelta-al-trabajo","status":"publish","type":"post","link":"https:\/\/old.immamestre.com\/es\/mis-vacaciones-la-rutina-vuelta-al-cole-vuelta-al-trabajo\/","title":{"rendered":"Mis vacaciones, la rutina y la vuelta al \u201ccole\u201d (o sea, la vuelta al trabajo)"},"content":{"rendered":"<p>[et_pb_section bb_built=\u00bb1&#8243;][et_pb_row][et_pb_column type=\u00bb4_4&#8243;][et_pb_text admin_label=\u00bbTexto intro\u00bb _builder_version=\u00bb3.14&#8243;]<\/p>\n<p class=\"p1\">Recuerdo que el primer d\u00eda de cole, despu\u00e9s de las vacaciones de verano, era como de tr\u00e1mite. Reencontrabas a los amigos y conoc\u00edas a los nuevos, a la profe, y te explicaban lo que har\u00edamos durante el curso. Tambi\u00e9n te mostraban d\u00f3nde te sentar\u00edas y las nuevas normas.<\/p>\n<p class=\"p1\">Hechas las presentaciones, el primer ejercicio parec\u00eda obligado\u2026 <strong>Redacci\u00f3n de una p\u00e1gina: \u00bfQu\u00e9 has hecho durante las vacaciones?<\/strong> Septiembre siempre me ha gustado porqu\u00e9 <strong>me encantaba estrenar bolis y libretas. Mmm\u2026 \u00a1y el olor a libro nuevo!<\/strong><\/p>\n<p class=\"p1\">Y ahora, <strong>en el trabajo, supone un nuevo inicio de curso<\/strong>. Nuevas planificaciones, pilas cargadas, reinvenci\u00f3n de servicios\u2026<\/p>\n<p class=\"p1\">Pero, como lo de escribir no se me da bien y hacer una redacci\u00f3n siempre me result\u00f3 aburrido, aqu\u00ed te dejo <strong>los\u00a0dibujos de mi libreta\u00a0<\/strong>que resumen bien mis vacaciones:<\/p>\n<p>&nbsp;<\/p>\n<h1 class=\"p1\">\u00bfQu\u00e9 he hecho en vacaciones?<\/h1>\n<p>[\/et_pb_text][et_pb_image _builder_version=\u00bb3.14&#8243; src=\u00bbhttps:\/\/old.immamestre.com\/wp-content\/uploads\/2018\/09\/20180912_Vuelta-al-cole_ImmaMestre.jpg\u00bb \/][et_pb_text _builder_version=\u00bb3.14&#8243; header_3_text_color=\u00bb#ed8b00&#8243;]<\/p>\n<p>La verdad es que haga lo que haga, las vacaciones las disfruto. \u00bfO me dir\u00e1s que tu no? Yo creo que eso es obvio para todo el mundo (\u00bfAlg\u00fan adicto, en la sala?) Esa sensaci\u00f3n de libertad y de hacer lo que quieres\u2026 Aunque es verdad que siempre estoy d\u00e1ndole al coco en c\u00f3mo ser\u00e1 la nueva temporada.<\/p>\n<h1><\/h1>\n<h1>\u00bfY despu\u00e9s de vacaciones\u2026 Qu\u00e9?: Planificaci\u00f3n de la nueva temporada<\/h1>\n<p>Creo que me aburrir\u00eda si no tuviese un l\u00e1piz en la mano. Eso me ha quedado clarito desde hace mucho. As\u00ed que quiero ilustrar m\u00e1s y divertirme. \u00c9ste es el primer <em>planning<\/em> de lo que te espera:<\/p>\n<ul>\n<li>M\u00e1s <strong>historias ilustradas<\/strong>,<\/li>\n<li>M\u00e1s <strong>procesos creativos<\/strong>,<\/li>\n<li>Inspiraci\u00f3n, retos y logros ilustrados,<\/li>\n<li><a href=\"https:\/\/old.immamestre.com\/servicios\/\">Servicios ilustrados<\/a> para calar bien hondo mediante la imagen potente de tu mensaje.<\/li>\n<li><a href=\"https:\/\/old.immamestre.com\/retratos-ilustrados\/\">Mis aplaudidos<\/a> para rendirle un homenaje a alguien especial y recibir aplausos por la iniciativa.<\/li>\n<\/ul>\n<p>[\/et_pb_text][et_pb_image _builder_version=\u00bb3.14&#8243; src=\u00bbhttps:\/\/old.immamestre.com\/wp-content\/uploads\/2018\/09\/20180912_Vuelta-al-cole2_ImmaMestre.jpg\u00bb \/][et_pb_text _builder_version=\u00bb3.14&#8243; header_3_text_color=\u00bb#ed8b00&#8243;]<\/p>\n<p>En definitiva, m\u00e1s <strong>soltarme a dibujar<\/strong> lo que me apetece. <strong>M\u00e1s gamberrismo ilustrado<\/strong>, creo yo. Me gustar\u00eda. \u00bfQu\u00e9 te parece? \u00a1Espero que te guste!<\/p>\n<p>\u00bfY tu vuelta al cole, c\u00f3mo ha sido? \u00bfTe apetece ver por aqu\u00ed algo en especial que antes no hac\u00eda?<\/p>\n<p><strong>D\u00e9jame un comentario, que intentar\u00e9 hacerlo posible.<\/strong> <strong>O<\/strong>, si no quieres proponerme nada y ya te gusta lo que ves, <strong>con un simple \u201cHola, estoy aqu\u00ed\u201d \u00a1estar\u00e9 saltando de alegr\u00eda!<\/strong><\/p>\n<p>Un abrazo,<\/p>\n<p><img loading=\"lazy\" decoding=\"async\" class=\"alignnone wp-image-5217\" src=\"https:\/\/old.immamestre.com\/wp-content\/uploads\/2016\/06\/Signatura-posts-ImmaMestre2016.jpg\" alt=\"Signatura-posts-ImmaMestre2016\" width=\"80\" height=\"33\" srcset=\"https:\/\/old.immamestre.com\/wp-content\/uploads\/2016\/06\/Signatura-posts-ImmaMestre2016.jpg 170w, https:\/\/old.immamestre.com\/wp-content\/uploads\/2016\/06\/Signatura-posts-ImmaMestre2016-150x62.jpg 150w\" sizes=\"(max-width: 80px) 100vw, 80px\" \/><\/p>\n<p>[\/et_pb_text][\/et_pb_column][\/et_pb_row][\/et_pb_section]<\/p>\n","protected":false},"excerpt":{"rendered":"<p>En la vuelta al cole despu\u00e9s del verano, toca redacci\u00f3n sobre qu\u00e9 has hecho en vacaciones. En la etapa laboral, toca planificar el \u00faltimo trimestre y afrontar la rutina. Redactar siempre me parec\u00eda aburrido, as\u00ed que te lo cuento con dibujos.<\/p>\n","protected":false},"author":1,"featured_media":10603,"comment_status":"open","ping_status":"open","sticky":false,"template":"","format":"gallery","meta":{"_et_pb_use_builder":"on","_et_pb_old_content":"","_et_gb_content_width":"","_monsterinsights_skip_tracking":false,"_monsterinsights_sitenote_active":false,"_monsterinsights_sitenote_note":"","_monsterinsights_sitenote_category":0,"footnotes":""},"categories":[131,309,562],"tags":[],"class_list":["post-10597","post","type-post","status-publish","format-gallery","has-post-thumbnail","hentry","category-ilustracion","category-personal","category-una-experiencia-con","post_format-post-format-gallery"],"yoast_head":"<!-- This site is optimized with the Yoast SEO plugin v26.1.1 - https:\/\/yoast.com\/wordpress\/plugins\/seo\/ -->\n<title>Mis vacaciones, la rutina y la vuelta al \u201ccole\u201d (o sea, la vuelta al trabajo)<\/title>\n<meta name=\"description\" content=\"En la vuelta al cole despu\u00e9s del verano, toca redacci\u00f3n sobre qu\u00e9 has hecho en vacaciones. En la etapa laboral, toca planificar el \u00faltimo trimestre y afrontar la rutina. Redactar siempre me parec\u00eda aburrido, as\u00ed que te lo cuento con dibujos. En la vuelta al cole despu\u00e9s del verano, toca redacci\u00f3n sobre qu\u00e9 has hecho en vacaciones. En la etapa laboral, toca planificar el \u00faltimo trimestre y afrontar la rutina.\" \/>\n<meta name=\"robots\" content=\"index, follow, max-snippet:-1, max-image-preview:large, max-video-preview:-1\" \/>\n<link rel=\"canonical\" href=\"https:\/\/old.immamestre.com\/es\/mis-vacaciones-la-rutina-vuelta-al-cole-vuelta-al-trabajo\/\" \/>\n<meta property=\"og:locale\" content=\"es_ES\" \/>\n<meta property=\"og:type\" content=\"article\" \/>\n<meta property=\"og:title\" content=\"Mis vacaciones, la rutina y la vuelta al \u201ccole\u201d (o sea, la vuelta al trabajo)\" \/>\n<meta property=\"og:description\" content=\"En la vuelta al cole despu\u00e9s del verano, toca redacci\u00f3n sobre qu\u00e9 has hecho en vacaciones. En la etapa laboral, toca planificar el \u00faltimo trimestre y afrontar la rutina. Redactar siempre me parec\u00eda aburrido, as\u00ed que te lo cuento con dibujos. En la vuelta al cole despu\u00e9s del verano, toca redacci\u00f3n sobre qu\u00e9 has hecho en vacaciones. En la etapa laboral, toca planificar el \u00faltimo trimestre y afrontar la rutina.\" \/>\n<meta property=\"og:url\" content=\"https:\/\/old.immamestre.com\/es\/mis-vacaciones-la-rutina-vuelta-al-cole-vuelta-al-trabajo\/\" \/>\n<meta property=\"og:site_name\" content=\"Imma Mestre | Ilustraci\u00f3n\" \/>\n<meta property=\"article:published_time\" content=\"2018-09-10T11:17:39+00:00\" \/>\n<meta property=\"article:modified_time\" content=\"2018-09-10T11:52:33+00:00\" \/>\n<meta property=\"og:image\" content=\"https:\/\/old.immamestre.com\/wp-content\/uploads\/2018\/09\/20180912_Vuelta-al-cole_PortadetaBlog_ImmaMestre.jpg\" \/>\n\t<meta property=\"og:image:width\" content=\"400\" \/>\n\t<meta property=\"og:image:height\" content=\"250\" \/>\n\t<meta property=\"og:image:type\" content=\"image\/jpeg\" \/>\n<meta name=\"author\" content=\"Imma Mestre\" \/>\n<meta name=\"twitter:label1\" content=\"Escrito por\" \/>\n\t<meta name=\"twitter:data1\" content=\"Imma Mestre\" \/>\n\t<meta name=\"twitter:label2\" content=\"Tiempo de lectura\" \/>\n\t<meta name=\"twitter:data2\" content=\"2 minutos\" \/>\n<script type=\"application\/ld+json\" class=\"yoast-schema-graph\">{\"@context\":\"https:\/\/schema.org\",\"@graph\":[{\"@type\":\"Article\",\"@id\":\"https:\/\/old.immamestre.com\/es\/mis-vacaciones-la-rutina-vuelta-al-cole-vuelta-al-trabajo\/#article\",\"isPartOf\":{\"@id\":\"https:\/\/old.immamestre.com\/es\/mis-vacaciones-la-rutina-vuelta-al-cole-vuelta-al-trabajo\/\"},\"author\":{\"name\":\"Imma Mestre\",\"@id\":\"https:\/\/old.immamestre.com\/#\/schema\/person\/f649c9039586af566b698906bc9da076\"},\"headline\":\"Mis vacaciones, la rutina y la vuelta al \u201ccole\u201d (o sea, la vuelta al trabajo)\",\"datePublished\":\"2018-09-10T11:17:39+00:00\",\"dateModified\":\"2018-09-10T11:52:33+00:00\",\"mainEntityOfPage\":{\"@id\":\"https:\/\/old.immamestre.com\/es\/mis-vacaciones-la-rutina-vuelta-al-cole-vuelta-al-trabajo\/\"},\"wordCount\":497,\"commentCount\":2,\"publisher\":{\"@id\":\"https:\/\/old.immamestre.com\/#\/schema\/person\/f649c9039586af566b698906bc9da076\"},\"image\":{\"@id\":\"https:\/\/old.immamestre.com\/es\/mis-vacaciones-la-rutina-vuelta-al-cole-vuelta-al-trabajo\/#primaryimage\"},\"thumbnailUrl\":\"https:\/\/old.immamestre.com\/wp-content\/uploads\/2018\/09\/20180912_Vuelta-al-cole_PortadetaBlog_ImmaMestre.jpg\",\"articleSection\":[\"Ilustraci\u00f3n\",\"personal\",\"Una experiencia con...\"],\"inLanguage\":\"es\",\"potentialAction\":[{\"@type\":\"CommentAction\",\"name\":\"Comment\",\"target\":[\"https:\/\/old.immamestre.com\/es\/mis-vacaciones-la-rutina-vuelta-al-cole-vuelta-al-trabajo\/#respond\"]}]},{\"@type\":\"WebPage\",\"@id\":\"https:\/\/old.immamestre.com\/es\/mis-vacaciones-la-rutina-vuelta-al-cole-vuelta-al-trabajo\/\",\"url\":\"https:\/\/old.immamestre.com\/es\/mis-vacaciones-la-rutina-vuelta-al-cole-vuelta-al-trabajo\/\",\"name\":\"Mis vacaciones, la rutina y la vuelta al \u201ccole\u201d (o sea, la vuelta al trabajo)\",\"isPartOf\":{\"@id\":\"https:\/\/old.immamestre.com\/#website\"},\"primaryImageOfPage\":{\"@id\":\"https:\/\/old.immamestre.com\/es\/mis-vacaciones-la-rutina-vuelta-al-cole-vuelta-al-trabajo\/#primaryimage\"},\"image\":{\"@id\":\"https:\/\/old.immamestre.com\/es\/mis-vacaciones-la-rutina-vuelta-al-cole-vuelta-al-trabajo\/#primaryimage\"},\"thumbnailUrl\":\"https:\/\/old.immamestre.com\/wp-content\/uploads\/2018\/09\/20180912_Vuelta-al-cole_PortadetaBlog_ImmaMestre.jpg\",\"datePublished\":\"2018-09-10T11:17:39+00:00\",\"dateModified\":\"2018-09-10T11:52:33+00:00\",\"description\":\"En la vuelta al cole despu\u00e9s del verano, toca redacci\u00f3n sobre qu\u00e9 has hecho en vacaciones. En la etapa laboral, toca planificar el \u00faltimo trimestre y afrontar la rutina. Redactar siempre me parec\u00eda aburrido, as\u00ed que te lo cuento con dibujos. En la vuelta al cole despu\u00e9s del verano, toca redacci\u00f3n sobre qu\u00e9 has hecho en vacaciones. En la etapa laboral, toca planificar el \u00faltimo trimestre y afrontar la rutina.\",\"breadcrumb\":{\"@id\":\"https:\/\/old.immamestre.com\/es\/mis-vacaciones-la-rutina-vuelta-al-cole-vuelta-al-trabajo\/#breadcrumb\"},\"inLanguage\":\"es\",\"potentialAction\":[{\"@type\":\"ReadAction\",\"target\":[\"https:\/\/old.immamestre.com\/es\/mis-vacaciones-la-rutina-vuelta-al-cole-vuelta-al-trabajo\/\"]}]},{\"@type\":\"ImageObject\",\"inLanguage\":\"es\",\"@id\":\"https:\/\/old.immamestre.com\/es\/mis-vacaciones-la-rutina-vuelta-al-cole-vuelta-al-trabajo\/#primaryimage\",\"url\":\"https:\/\/old.immamestre.com\/wp-content\/uploads\/2018\/09\/20180912_Vuelta-al-cole_PortadetaBlog_ImmaMestre.jpg\",\"contentUrl\":\"https:\/\/old.immamestre.com\/wp-content\/uploads\/2018\/09\/20180912_Vuelta-al-cole_PortadetaBlog_ImmaMestre.jpg\",\"width\":400,\"height\":250},{\"@type\":\"BreadcrumbList\",\"@id\":\"https:\/\/old.immamestre.com\/es\/mis-vacaciones-la-rutina-vuelta-al-cole-vuelta-al-trabajo\/#breadcrumb\",\"itemListElement\":[{\"@type\":\"ListItem\",\"position\":1,\"name\":\"Home\",\"item\":\"https:\/\/old.immamestre.com\/\"},{\"@type\":\"ListItem\",\"position\":2,\"name\":\"Mis vacaciones, la rutina y la vuelta al \u201ccole\u201d (o sea, la vuelta al trabajo)\"}]},{\"@type\":\"WebSite\",\"@id\":\"https:\/\/old.immamestre.com\/#website\",\"url\":\"https:\/\/old.immamestre.com\/\",\"name\":\"Imma Mestre | Ilustraci\u00f3n\",\"description\":\"ilustraci\u00f3n\",\"publisher\":{\"@id\":\"https:\/\/old.immamestre.com\/#\/schema\/person\/f649c9039586af566b698906bc9da076\"},\"potentialAction\":[{\"@type\":\"SearchAction\",\"target\":{\"@type\":\"EntryPoint\",\"urlTemplate\":\"https:\/\/old.immamestre.com\/?s={search_term_string}\"},\"query-input\":{\"@type\":\"PropertyValueSpecification\",\"valueRequired\":true,\"valueName\":\"search_term_string\"}}],\"inLanguage\":\"es\"},{\"@type\":[\"Person\",\"Organization\"],\"@id\":\"https:\/\/old.immamestre.com\/#\/schema\/person\/f649c9039586af566b698906bc9da076\",\"name\":\"Imma Mestre\",\"image\":{\"@type\":\"ImageObject\",\"inLanguage\":\"es\",\"@id\":\"https:\/\/old.immamestre.com\/#\/schema\/person\/image\/\",\"url\":\"https:\/\/secure.gravatar.com\/avatar\/fe9530742331fb8e4cb4de875d82303426947d472e41eb783b6dc62694aa6aff?s=96&d=mm&r=g\",\"contentUrl\":\"https:\/\/secure.gravatar.com\/avatar\/fe9530742331fb8e4cb4de875d82303426947d472e41eb783b6dc62694aa6aff?s=96&d=mm&r=g\",\"caption\":\"Imma Mestre\"},\"logo\":{\"@id\":\"https:\/\/old.immamestre.com\/#\/schema\/person\/image\/\"},\"description\":\"Hola soy Imma. Ilustradora. Hablo a trav\u00e9s de ilustraciones. Dame un l\u00e1piz y pinto tu mundo con historias ilustradas que te har\u00e1n despuntar.\",\"sameAs\":[\"https:\/\/www.immamestre.com\"],\"url\":\"https:\/\/old.immamestre.com\/es\/author\/alpha\/\"}]}<\/script>\n<!-- \/ Yoast SEO plugin. -->","yoast_head_json":{"title":"Mis vacaciones, la rutina y la vuelta al \u201ccole\u201d (o sea, la vuelta al trabajo)","description":"En la vuelta al cole despu\u00e9s del verano, toca redacci\u00f3n sobre qu\u00e9 has hecho en vacaciones. En la etapa laboral, toca planificar el \u00faltimo trimestre y afrontar la rutina. Redactar siempre me parec\u00eda aburrido, as\u00ed que te lo cuento con dibujos. En la vuelta al cole despu\u00e9s del verano, toca redacci\u00f3n sobre qu\u00e9 has hecho en vacaciones. En la etapa laboral, toca planificar el \u00faltimo trimestre y afrontar la rutina.","robots":{"index":"index","follow":"follow","max-snippet":"max-snippet:-1","max-image-preview":"max-image-preview:large","max-video-preview":"max-video-preview:-1"},"canonical":"https:\/\/old.immamestre.com\/es\/mis-vacaciones-la-rutina-vuelta-al-cole-vuelta-al-trabajo\/","og_locale":"es_ES","og_type":"article","og_title":"Mis vacaciones, la rutina y la vuelta al \u201ccole\u201d (o sea, la vuelta al trabajo)","og_description":"En la vuelta al cole despu\u00e9s del verano, toca redacci\u00f3n sobre qu\u00e9 has hecho en vacaciones. En la etapa laboral, toca planificar el \u00faltimo trimestre y afrontar la rutina. Redactar siempre me parec\u00eda aburrido, as\u00ed que te lo cuento con dibujos. En la vuelta al cole despu\u00e9s del verano, toca redacci\u00f3n sobre qu\u00e9 has hecho en vacaciones. En la etapa laboral, toca planificar el \u00faltimo trimestre y afrontar la rutina.","og_url":"https:\/\/old.immamestre.com\/es\/mis-vacaciones-la-rutina-vuelta-al-cole-vuelta-al-trabajo\/","og_site_name":"Imma Mestre | Ilustraci\u00f3n","article_published_time":"2018-09-10T11:17:39+00:00","article_modified_time":"2018-09-10T11:52:33+00:00","og_image":[{"width":400,"height":250,"url":"https:\/\/old.immamestre.com\/wp-content\/uploads\/2018\/09\/20180912_Vuelta-al-cole_PortadetaBlog_ImmaMestre.jpg","type":"image\/jpeg"}],"author":"Imma Mestre","twitter_misc":{"Escrito por":"Imma Mestre","Tiempo de lectura":"2 minutos"},"schema":{"@context":"https:\/\/schema.org","@graph":[{"@type":"Article","@id":"https:\/\/old.immamestre.com\/es\/mis-vacaciones-la-rutina-vuelta-al-cole-vuelta-al-trabajo\/#article","isPartOf":{"@id":"https:\/\/old.immamestre.com\/es\/mis-vacaciones-la-rutina-vuelta-al-cole-vuelta-al-trabajo\/"},"author":{"name":"Imma Mestre","@id":"https:\/\/old.immamestre.com\/#\/schema\/person\/f649c9039586af566b698906bc9da076"},"headline":"Mis vacaciones, la rutina y la vuelta al \u201ccole\u201d (o sea, la vuelta al trabajo)","datePublished":"2018-09-10T11:17:39+00:00","dateModified":"2018-09-10T11:52:33+00:00","mainEntityOfPage":{"@id":"https:\/\/old.immamestre.com\/es\/mis-vacaciones-la-rutina-vuelta-al-cole-vuelta-al-trabajo\/"},"wordCount":497,"commentCount":2,"publisher":{"@id":"https:\/\/old.immamestre.com\/#\/schema\/person\/f649c9039586af566b698906bc9da076"},"image":{"@id":"https:\/\/old.immamestre.com\/es\/mis-vacaciones-la-rutina-vuelta-al-cole-vuelta-al-trabajo\/#primaryimage"},"thumbnailUrl":"https:\/\/old.immamestre.com\/wp-content\/uploads\/2018\/09\/20180912_Vuelta-al-cole_PortadetaBlog_ImmaMestre.jpg","articleSection":["Ilustraci\u00f3n","personal","Una experiencia con..."],"inLanguage":"es","potentialAction":[{"@type":"CommentAction","name":"Comment","target":["https:\/\/old.immamestre.com\/es\/mis-vacaciones-la-rutina-vuelta-al-cole-vuelta-al-trabajo\/#respond"]}]},{"@type":"WebPage","@id":"https:\/\/old.immamestre.com\/es\/mis-vacaciones-la-rutina-vuelta-al-cole-vuelta-al-trabajo\/","url":"https:\/\/old.immamestre.com\/es\/mis-vacaciones-la-rutina-vuelta-al-cole-vuelta-al-trabajo\/","name":"Mis vacaciones, la rutina y la vuelta al \u201ccole\u201d (o sea, la vuelta al trabajo)","isPartOf":{"@id":"https:\/\/old.immamestre.com\/#website"},"primaryImageOfPage":{"@id":"https:\/\/old.immamestre.com\/es\/mis-vacaciones-la-rutina-vuelta-al-cole-vuelta-al-trabajo\/#primaryimage"},"image":{"@id":"https:\/\/old.immamestre.com\/es\/mis-vacaciones-la-rutina-vuelta-al-cole-vuelta-al-trabajo\/#primaryimage"},"thumbnailUrl":"https:\/\/old.immamestre.com\/wp-content\/uploads\/2018\/09\/20180912_Vuelta-al-cole_PortadetaBlog_ImmaMestre.jpg","datePublished":"2018-09-10T11:17:39+00:00","dateModified":"2018-09-10T11:52:33+00:00","description":"En la vuelta al cole despu\u00e9s del verano, toca redacci\u00f3n sobre qu\u00e9 has hecho en vacaciones. En la etapa laboral, toca planificar el \u00faltimo trimestre y afrontar la rutina. Redactar siempre me parec\u00eda aburrido, as\u00ed que te lo cuento con dibujos. En la vuelta al cole despu\u00e9s del verano, toca redacci\u00f3n sobre qu\u00e9 has hecho en vacaciones. En la etapa laboral, toca planificar el \u00faltimo trimestre y afrontar la rutina.","breadcrumb":{"@id":"https:\/\/old.immamestre.com\/es\/mis-vacaciones-la-rutina-vuelta-al-cole-vuelta-al-trabajo\/#breadcrumb"},"inLanguage":"es","potentialAction":[{"@type":"ReadAction","target":["https:\/\/old.immamestre.com\/es\/mis-vacaciones-la-rutina-vuelta-al-cole-vuelta-al-trabajo\/"]}]},{"@type":"ImageObject","inLanguage":"es","@id":"https:\/\/old.immamestre.com\/es\/mis-vacaciones-la-rutina-vuelta-al-cole-vuelta-al-trabajo\/#primaryimage","url":"https:\/\/old.immamestre.com\/wp-content\/uploads\/2018\/09\/20180912_Vuelta-al-cole_PortadetaBlog_ImmaMestre.jpg","contentUrl":"https:\/\/old.immamestre.com\/wp-content\/uploads\/2018\/09\/20180912_Vuelta-al-cole_PortadetaBlog_ImmaMestre.jpg","width":400,"height":250},{"@type":"BreadcrumbList","@id":"https:\/\/old.immamestre.com\/es\/mis-vacaciones-la-rutina-vuelta-al-cole-vuelta-al-trabajo\/#breadcrumb","itemListElement":[{"@type":"ListItem","position":1,"name":"Home","item":"https:\/\/old.immamestre.com\/"},{"@type":"ListItem","position":2,"name":"Mis vacaciones, la rutina y la vuelta al \u201ccole\u201d (o sea, la vuelta al trabajo)"}]},{"@type":"WebSite","@id":"https:\/\/old.immamestre.com\/#website","url":"https:\/\/old.immamestre.com\/","name":"Imma Mestre | Ilustraci\u00f3n","description":"ilustraci\u00f3n","publisher":{"@id":"https:\/\/old.immamestre.com\/#\/schema\/person\/f649c9039586af566b698906bc9da076"},"potentialAction":[{"@type":"SearchAction","target":{"@type":"EntryPoint","urlTemplate":"https:\/\/old.immamestre.com\/?s={search_term_string}"},"query-input":{"@type":"PropertyValueSpecification","valueRequired":true,"valueName":"search_term_string"}}],"inLanguage":"es"},{"@type":["Person","Organization"],"@id":"https:\/\/old.immamestre.com\/#\/schema\/person\/f649c9039586af566b698906bc9da076","name":"Imma Mestre","image":{"@type":"ImageObject","inLanguage":"es","@id":"https:\/\/old.immamestre.com\/#\/schema\/person\/image\/","url":"https:\/\/secure.gravatar.com\/avatar\/fe9530742331fb8e4cb4de875d82303426947d472e41eb783b6dc62694aa6aff?s=96&d=mm&r=g","contentUrl":"https:\/\/secure.gravatar.com\/avatar\/fe9530742331fb8e4cb4de875d82303426947d472e41eb783b6dc62694aa6aff?s=96&d=mm&r=g","caption":"Imma Mestre"},"logo":{"@id":"https:\/\/old.immamestre.com\/#\/schema\/person\/image\/"},"description":"Hola soy Imma. Ilustradora. Hablo a trav\u00e9s de ilustraciones. Dame un l\u00e1piz y pinto tu mundo con historias ilustradas que te har\u00e1n despuntar.","sameAs":["https:\/\/www.immamestre.com"],"url":"https:\/\/old.immamestre.com\/es\/author\/alpha\/"}]}},"_links":{"self":[{"href":"https:\/\/old.immamestre.com\/es\/wp-json\/wp\/v2\/posts\/10597","targetHints":{"allow":["GET"]}}],"collection":[{"href":"https:\/\/old.immamestre.com\/es\/wp-json\/wp\/v2\/posts"}],"about":[{"href":"https:\/\/old.immamestre.com\/es\/wp-json\/wp\/v2\/types\/post"}],"author":[{"embeddable":true,"href":"https:\/\/old.immamestre.com\/es\/wp-json\/wp\/v2\/users\/1"}],"replies":[{"embeddable":true,"href":"https:\/\/old.immamestre.com\/es\/wp-json\/wp\/v2\/comments?post=10597"}],"version-history":[{"count":9,"href":"https:\/\/old.immamestre.com\/es\/wp-json\/wp\/v2\/posts\/10597\/revisions"}],"predecessor-version":[{"id":10612,"href":"https:\/\/old.immamestre.com\/es\/wp-json\/wp\/v2\/posts\/10597\/revisions\/10612"}],"wp:featuredmedia":[{"embeddable":true,"href":"https:\/\/old.immamestre.com\/es\/wp-json\/wp\/v2\/media\/10603"}],"wp:attachment":[{"href":"https:\/\/old.immamestre.com\/es\/wp-json\/wp\/v2\/media?parent=10597"}],"wp:term":[{"taxonomy":"category","embeddable":true,"href":"https:\/\/old.immamestre.com\/es\/wp-json\/wp\/v2\/categories?post=10597"},{"taxonomy":"post_tag","embeddable":true,"href":"https:\/\/old.immamestre.com\/es\/wp-json\/wp\/v2\/tags?post=10597"}],"curies":[{"name":"wp","href":"https:\/\/api.w.org\/{rel}","templated":true}]}}