{"id":10471,"date":"2018-08-17T10:31:27","date_gmt":"2018-08-17T08:31:27","guid":{"rendered":"https:\/\/www.immamestre.com\/?p=10471"},"modified":"2018-08-17T10:33:47","modified_gmt":"2018-08-17T08:33:47","slug":"la-ensalada","status":"publish","type":"post","link":"https:\/\/old.immamestre.com\/es\/la-ensalada\/","title":{"rendered":"Comida r\u00e1pida y f\u00e1cil: la ensalada"},"content":{"rendered":"<p>[et_pb_section bb_built=\u00bb1&#8243;][et_pb_row][et_pb_column type=\u00bb4_4&#8243;][et_pb_image _builder_version=\u00bb3.12.1&#8243; src=\u00bbhttps:\/\/old.immamestre.com\/wp-content\/uploads\/2018\/08\/BLOG_20180820_CenaRapida_ImmaMestre.jpg\u00bb \/][et_pb_text _builder_version=\u00bb3.12.1&#8243;]<\/p>\n<p>\u00a1Con lo que me gusta a mi la ensalada y la llaman \u00abhacer una comida r\u00e1pida y sencilla, sin complicarnos mucho\u00bb!<\/p>\n<p>\u00a1\u00bfPerdona?!\u00a0Siempre he pensado que la ensalada est\u00e1 infravalorada.<\/p>\n<p><img loading=\"lazy\" decoding=\"async\" class=\"alignnone wp-image-5217\" src=\"https:\/\/old.immamestre.com\/wp-content\/uploads\/2016\/06\/Signatura-posts-ImmaMestre2016.jpg\" alt=\"Signatura-posts-ImmaMestre2016\" width=\"80\" height=\"33\" srcset=\"https:\/\/old.immamestre.com\/wp-content\/uploads\/2016\/06\/Signatura-posts-ImmaMestre2016.jpg 170w, https:\/\/old.immamestre.com\/wp-content\/uploads\/2016\/06\/Signatura-posts-ImmaMestre2016-150x62.jpg 150w\" sizes=\"(max-width: 80px) 100vw, 80px\" \/><\/p>\n<p>&nbsp;<\/p>\n<p>[\/et_pb_text][\/et_pb_column][\/et_pb_row][\/et_pb_section]<\/p>\n","protected":false},"excerpt":{"rendered":"<p> La ensalada est\u00e1 infravalorada. En cenas, siempre sale la ensalada cuando se quiere hacer r\u00e1pido y sin complicaciones. Pero lleva su tiempo.<\/p>\n","protected":false},"author":1,"featured_media":10476,"comment_status":"open","ping_status":"open","sticky":false,"template":"","format":"gallery","meta":{"_et_pb_use_builder":"on","_et_pb_old_content":"","_et_gb_content_width":"","_monsterinsights_skip_tracking":false,"_monsterinsights_sitenote_active":false,"_monsterinsights_sitenote_note":"","_monsterinsights_sitenote_category":0,"footnotes":""},"categories":[350,240],"tags":[],"class_list":["post-10471","post","type-post","status-publish","format-gallery","has-post-thumbnail","hentry","category-comic","category-del-pais-dels-coixos","post_format-post-format-gallery"],"yoast_head":"<!-- This site is optimized with the Yoast SEO plugin v26.1.1 - https:\/\/yoast.com\/wordpress\/plugins\/seo\/ -->\n<title>Comida r\u00e1pida y f\u00e1cil: la ensalada<\/title>\n<meta name=\"description\" content=\"La ensalada est\u00e1 infravalorada. En cenas, siempre sale la ensalada cuando se quiere hacer r\u00e1pido y sin complicaciones. Pero lleva su tiempo.\" \/>\n<meta name=\"robots\" content=\"index, follow, max-snippet:-1, max-image-preview:large, max-video-preview:-1\" \/>\n<link rel=\"canonical\" href=\"https:\/\/old.immamestre.com\/es\/la-ensalada\/\" \/>\n<meta property=\"og:locale\" content=\"es_ES\" \/>\n<meta property=\"og:type\" content=\"article\" \/>\n<meta property=\"og:title\" content=\"Comida r\u00e1pida y f\u00e1cil: la ensalada\" \/>\n<meta property=\"og:description\" content=\"La ensalada est\u00e1 infravalorada. En cenas, siempre sale la ensalada cuando se quiere hacer r\u00e1pido y sin complicaciones. Pero lleva su tiempo.\" \/>\n<meta property=\"og:url\" content=\"https:\/\/old.immamestre.com\/es\/la-ensalada\/\" \/>\n<meta property=\"og:site_name\" content=\"Imma Mestre | Ilustraci\u00f3n\" \/>\n<meta property=\"article:published_time\" content=\"2018-08-17T08:31:27+00:00\" \/>\n<meta property=\"article:modified_time\" content=\"2018-08-17T08:33:47+00:00\" \/>\n<meta property=\"og:image\" content=\"https:\/\/old.immamestre.com\/wp-content\/uploads\/2018\/08\/BLOG_20180820_ComidaRapidaPortadeta_ImmaMestre.jpg\" \/>\n\t<meta property=\"og:image:width\" content=\"400\" \/>\n\t<meta property=\"og:image:height\" content=\"250\" \/>\n\t<meta property=\"og:image:type\" content=\"image\/jpeg\" \/>\n<meta name=\"author\" content=\"Imma Mestre\" \/>\n<meta name=\"twitter:label1\" content=\"Escrito por\" \/>\n\t<meta name=\"twitter:data1\" content=\"Imma Mestre\" \/>\n\t<meta name=\"twitter:label2\" content=\"Tiempo de lectura\" \/>\n\t<meta name=\"twitter:data2\" content=\"1 minuto\" \/>\n<script type=\"application\/ld+json\" class=\"yoast-schema-graph\">{\"@context\":\"https:\/\/schema.org\",\"@graph\":[{\"@type\":\"Article\",\"@id\":\"https:\/\/old.immamestre.com\/es\/la-ensalada\/#article\",\"isPartOf\":{\"@id\":\"https:\/\/old.immamestre.com\/es\/la-ensalada\/\"},\"author\":{\"name\":\"Imma Mestre\",\"@id\":\"https:\/\/old.immamestre.com\/#\/schema\/person\/f649c9039586af566b698906bc9da076\"},\"headline\":\"Comida r\u00e1pida y f\u00e1cil: la ensalada\",\"datePublished\":\"2018-08-17T08:31:27+00:00\",\"dateModified\":\"2018-08-17T08:33:47+00:00\",\"mainEntityOfPage\":{\"@id\":\"https:\/\/old.immamestre.com\/es\/la-ensalada\/\"},\"wordCount\":85,\"commentCount\":0,\"publisher\":{\"@id\":\"https:\/\/old.immamestre.com\/#\/schema\/person\/f649c9039586af566b698906bc9da076\"},\"image\":{\"@id\":\"https:\/\/old.immamestre.com\/es\/la-ensalada\/#primaryimage\"},\"thumbnailUrl\":\"https:\/\/old.immamestre.com\/wp-content\/uploads\/2018\/08\/BLOG_20180820_ComidaRapidaPortadeta_ImmaMestre.jpg\",\"articleSection\":[\"comic\",\"Del pa\u00eds dels coixos\"],\"inLanguage\":\"es\",\"potentialAction\":[{\"@type\":\"CommentAction\",\"name\":\"Comment\",\"target\":[\"https:\/\/old.immamestre.com\/es\/la-ensalada\/#respond\"]}]},{\"@type\":\"WebPage\",\"@id\":\"https:\/\/old.immamestre.com\/es\/la-ensalada\/\",\"url\":\"https:\/\/old.immamestre.com\/es\/la-ensalada\/\",\"name\":\"Comida r\u00e1pida y f\u00e1cil: la ensalada\",\"isPartOf\":{\"@id\":\"https:\/\/old.immamestre.com\/#website\"},\"primaryImageOfPage\":{\"@id\":\"https:\/\/old.immamestre.com\/es\/la-ensalada\/#primaryimage\"},\"image\":{\"@id\":\"https:\/\/old.immamestre.com\/es\/la-ensalada\/#primaryimage\"},\"thumbnailUrl\":\"https:\/\/old.immamestre.com\/wp-content\/uploads\/2018\/08\/BLOG_20180820_ComidaRapidaPortadeta_ImmaMestre.jpg\",\"datePublished\":\"2018-08-17T08:31:27+00:00\",\"dateModified\":\"2018-08-17T08:33:47+00:00\",\"description\":\"La ensalada est\u00e1 infravalorada. En cenas, siempre sale la ensalada cuando se quiere hacer r\u00e1pido y sin complicaciones. Pero lleva su tiempo.\",\"breadcrumb\":{\"@id\":\"https:\/\/old.immamestre.com\/es\/la-ensalada\/#breadcrumb\"},\"inLanguage\":\"es\",\"potentialAction\":[{\"@type\":\"ReadAction\",\"target\":[\"https:\/\/old.immamestre.com\/es\/la-ensalada\/\"]}]},{\"@type\":\"ImageObject\",\"inLanguage\":\"es\",\"@id\":\"https:\/\/old.immamestre.com\/es\/la-ensalada\/#primaryimage\",\"url\":\"https:\/\/old.immamestre.com\/wp-content\/uploads\/2018\/08\/BLOG_20180820_ComidaRapidaPortadeta_ImmaMestre.jpg\",\"contentUrl\":\"https:\/\/old.immamestre.com\/wp-content\/uploads\/2018\/08\/BLOG_20180820_ComidaRapidaPortadeta_ImmaMestre.jpg\",\"width\":400,\"height\":250},{\"@type\":\"BreadcrumbList\",\"@id\":\"https:\/\/old.immamestre.com\/es\/la-ensalada\/#breadcrumb\",\"itemListElement\":[{\"@type\":\"ListItem\",\"position\":1,\"name\":\"Home\",\"item\":\"https:\/\/old.immamestre.com\/\"},{\"@type\":\"ListItem\",\"position\":2,\"name\":\"Comida r\u00e1pida y f\u00e1cil: la ensalada\"}]},{\"@type\":\"WebSite\",\"@id\":\"https:\/\/old.immamestre.com\/#website\",\"url\":\"https:\/\/old.immamestre.com\/\",\"name\":\"Imma Mestre | Ilustraci\u00f3n\",\"description\":\"ilustraci\u00f3n\",\"publisher\":{\"@id\":\"https:\/\/old.immamestre.com\/#\/schema\/person\/f649c9039586af566b698906bc9da076\"},\"potentialAction\":[{\"@type\":\"SearchAction\",\"target\":{\"@type\":\"EntryPoint\",\"urlTemplate\":\"https:\/\/old.immamestre.com\/?s={search_term_string}\"},\"query-input\":{\"@type\":\"PropertyValueSpecification\",\"valueRequired\":true,\"valueName\":\"search_term_string\"}}],\"inLanguage\":\"es\"},{\"@type\":[\"Person\",\"Organization\"],\"@id\":\"https:\/\/old.immamestre.com\/#\/schema\/person\/f649c9039586af566b698906bc9da076\",\"name\":\"Imma Mestre\",\"image\":{\"@type\":\"ImageObject\",\"inLanguage\":\"es\",\"@id\":\"https:\/\/old.immamestre.com\/#\/schema\/person\/image\/\",\"url\":\"https:\/\/secure.gravatar.com\/avatar\/fe9530742331fb8e4cb4de875d82303426947d472e41eb783b6dc62694aa6aff?s=96&d=mm&r=g\",\"contentUrl\":\"https:\/\/secure.gravatar.com\/avatar\/fe9530742331fb8e4cb4de875d82303426947d472e41eb783b6dc62694aa6aff?s=96&d=mm&r=g\",\"caption\":\"Imma Mestre\"},\"logo\":{\"@id\":\"https:\/\/old.immamestre.com\/#\/schema\/person\/image\/\"},\"description\":\"Hola soy Imma. Ilustradora. Hablo a trav\u00e9s de ilustraciones. Dame un l\u00e1piz y pinto tu mundo con historias ilustradas que te har\u00e1n despuntar.\",\"sameAs\":[\"https:\/\/www.immamestre.com\"],\"url\":\"https:\/\/old.immamestre.com\/es\/author\/alpha\/\"}]}<\/script>\n<!-- \/ Yoast SEO plugin. -->","yoast_head_json":{"title":"Comida r\u00e1pida y f\u00e1cil: la ensalada","description":"La ensalada est\u00e1 infravalorada. En cenas, siempre sale la ensalada cuando se quiere hacer r\u00e1pido y sin complicaciones. Pero lleva su tiempo.","robots":{"index":"index","follow":"follow","max-snippet":"max-snippet:-1","max-image-preview":"max-image-preview:large","max-video-preview":"max-video-preview:-1"},"canonical":"https:\/\/old.immamestre.com\/es\/la-ensalada\/","og_locale":"es_ES","og_type":"article","og_title":"Comida r\u00e1pida y f\u00e1cil: la ensalada","og_description":"La ensalada est\u00e1 infravalorada. En cenas, siempre sale la ensalada cuando se quiere hacer r\u00e1pido y sin complicaciones. Pero lleva su tiempo.","og_url":"https:\/\/old.immamestre.com\/es\/la-ensalada\/","og_site_name":"Imma Mestre | Ilustraci\u00f3n","article_published_time":"2018-08-17T08:31:27+00:00","article_modified_time":"2018-08-17T08:33:47+00:00","og_image":[{"width":400,"height":250,"url":"https:\/\/old.immamestre.com\/wp-content\/uploads\/2018\/08\/BLOG_20180820_ComidaRapidaPortadeta_ImmaMestre.jpg","type":"image\/jpeg"}],"author":"Imma Mestre","twitter_misc":{"Escrito por":"Imma Mestre","Tiempo de lectura":"1 minuto"},"schema":{"@context":"https:\/\/schema.org","@graph":[{"@type":"Article","@id":"https:\/\/old.immamestre.com\/es\/la-ensalada\/#article","isPartOf":{"@id":"https:\/\/old.immamestre.com\/es\/la-ensalada\/"},"author":{"name":"Imma Mestre","@id":"https:\/\/old.immamestre.com\/#\/schema\/person\/f649c9039586af566b698906bc9da076"},"headline":"Comida r\u00e1pida y f\u00e1cil: la ensalada","datePublished":"2018-08-17T08:31:27+00:00","dateModified":"2018-08-17T08:33:47+00:00","mainEntityOfPage":{"@id":"https:\/\/old.immamestre.com\/es\/la-ensalada\/"},"wordCount":85,"commentCount":0,"publisher":{"@id":"https:\/\/old.immamestre.com\/#\/schema\/person\/f649c9039586af566b698906bc9da076"},"image":{"@id":"https:\/\/old.immamestre.com\/es\/la-ensalada\/#primaryimage"},"thumbnailUrl":"https:\/\/old.immamestre.com\/wp-content\/uploads\/2018\/08\/BLOG_20180820_ComidaRapidaPortadeta_ImmaMestre.jpg","articleSection":["comic","Del pa\u00eds dels coixos"],"inLanguage":"es","potentialAction":[{"@type":"CommentAction","name":"Comment","target":["https:\/\/old.immamestre.com\/es\/la-ensalada\/#respond"]}]},{"@type":"WebPage","@id":"https:\/\/old.immamestre.com\/es\/la-ensalada\/","url":"https:\/\/old.immamestre.com\/es\/la-ensalada\/","name":"Comida r\u00e1pida y f\u00e1cil: la ensalada","isPartOf":{"@id":"https:\/\/old.immamestre.com\/#website"},"primaryImageOfPage":{"@id":"https:\/\/old.immamestre.com\/es\/la-ensalada\/#primaryimage"},"image":{"@id":"https:\/\/old.immamestre.com\/es\/la-ensalada\/#primaryimage"},"thumbnailUrl":"https:\/\/old.immamestre.com\/wp-content\/uploads\/2018\/08\/BLOG_20180820_ComidaRapidaPortadeta_ImmaMestre.jpg","datePublished":"2018-08-17T08:31:27+00:00","dateModified":"2018-08-17T08:33:47+00:00","description":"La ensalada est\u00e1 infravalorada. En cenas, siempre sale la ensalada cuando se quiere hacer r\u00e1pido y sin complicaciones. Pero lleva su tiempo.","breadcrumb":{"@id":"https:\/\/old.immamestre.com\/es\/la-ensalada\/#breadcrumb"},"inLanguage":"es","potentialAction":[{"@type":"ReadAction","target":["https:\/\/old.immamestre.com\/es\/la-ensalada\/"]}]},{"@type":"ImageObject","inLanguage":"es","@id":"https:\/\/old.immamestre.com\/es\/la-ensalada\/#primaryimage","url":"https:\/\/old.immamestre.com\/wp-content\/uploads\/2018\/08\/BLOG_20180820_ComidaRapidaPortadeta_ImmaMestre.jpg","contentUrl":"https:\/\/old.immamestre.com\/wp-content\/uploads\/2018\/08\/BLOG_20180820_ComidaRapidaPortadeta_ImmaMestre.jpg","width":400,"height":250},{"@type":"BreadcrumbList","@id":"https:\/\/old.immamestre.com\/es\/la-ensalada\/#breadcrumb","itemListElement":[{"@type":"ListItem","position":1,"name":"Home","item":"https:\/\/old.immamestre.com\/"},{"@type":"ListItem","position":2,"name":"Comida r\u00e1pida y f\u00e1cil: la ensalada"}]},{"@type":"WebSite","@id":"https:\/\/old.immamestre.com\/#website","url":"https:\/\/old.immamestre.com\/","name":"Imma Mestre | Ilustraci\u00f3n","description":"ilustraci\u00f3n","publisher":{"@id":"https:\/\/old.immamestre.com\/#\/schema\/person\/f649c9039586af566b698906bc9da076"},"potentialAction":[{"@type":"SearchAction","target":{"@type":"EntryPoint","urlTemplate":"https:\/\/old.immamestre.com\/?s={search_term_string}"},"query-input":{"@type":"PropertyValueSpecification","valueRequired":true,"valueName":"search_term_string"}}],"inLanguage":"es"},{"@type":["Person","Organization"],"@id":"https:\/\/old.immamestre.com\/#\/schema\/person\/f649c9039586af566b698906bc9da076","name":"Imma Mestre","image":{"@type":"ImageObject","inLanguage":"es","@id":"https:\/\/old.immamestre.com\/#\/schema\/person\/image\/","url":"https:\/\/secure.gravatar.com\/avatar\/fe9530742331fb8e4cb4de875d82303426947d472e41eb783b6dc62694aa6aff?s=96&d=mm&r=g","contentUrl":"https:\/\/secure.gravatar.com\/avatar\/fe9530742331fb8e4cb4de875d82303426947d472e41eb783b6dc62694aa6aff?s=96&d=mm&r=g","caption":"Imma Mestre"},"logo":{"@id":"https:\/\/old.immamestre.com\/#\/schema\/person\/image\/"},"description":"Hola soy Imma. Ilustradora. Hablo a trav\u00e9s de ilustraciones. Dame un l\u00e1piz y pinto tu mundo con historias ilustradas que te har\u00e1n despuntar.","sameAs":["https:\/\/www.immamestre.com"],"url":"https:\/\/old.immamestre.com\/es\/author\/alpha\/"}]}},"_links":{"self":[{"href":"https:\/\/old.immamestre.com\/es\/wp-json\/wp\/v2\/posts\/10471","targetHints":{"allow":["GET"]}}],"collection":[{"href":"https:\/\/old.immamestre.com\/es\/wp-json\/wp\/v2\/posts"}],"about":[{"href":"https:\/\/old.immamestre.com\/es\/wp-json\/wp\/v2\/types\/post"}],"author":[{"embeddable":true,"href":"https:\/\/old.immamestre.com\/es\/wp-json\/wp\/v2\/users\/1"}],"replies":[{"embeddable":true,"href":"https:\/\/old.immamestre.com\/es\/wp-json\/wp\/v2\/comments?post=10471"}],"version-history":[{"count":4,"href":"https:\/\/old.immamestre.com\/es\/wp-json\/wp\/v2\/posts\/10471\/revisions"}],"predecessor-version":[{"id":10482,"href":"https:\/\/old.immamestre.com\/es\/wp-json\/wp\/v2\/posts\/10471\/revisions\/10482"}],"wp:featuredmedia":[{"embeddable":true,"href":"https:\/\/old.immamestre.com\/es\/wp-json\/wp\/v2\/media\/10476"}],"wp:attachment":[{"href":"https:\/\/old.immamestre.com\/es\/wp-json\/wp\/v2\/media?parent=10471"}],"wp:term":[{"taxonomy":"category","embeddable":true,"href":"https:\/\/old.immamestre.com\/es\/wp-json\/wp\/v2\/categories?post=10471"},{"taxonomy":"post_tag","embeddable":true,"href":"https:\/\/old.immamestre.com\/es\/wp-json\/wp\/v2\/tags?post=10471"}],"curies":[{"name":"wp","href":"https:\/\/api.w.org\/{rel}","templated":true}]}}